{"id":12327,"date":"2013-07-28T22:15:23","date_gmt":"2013-07-28T20:15:23","guid":{"rendered":"http:\/\/www.carnets-de-traverse.com\/blog\/?p=12327"},"modified":"2017-10-03T12:51:25","modified_gmt":"2017-10-03T10:51:25","slug":"a-faire-en-catalogne","status":"publish","type":"post","link":"https:\/\/www.carnets-de-traverse.com\/blog\/a-faire-en-catalogne","title":{"rendered":"10 choses \u00e0 faire en Catalogne"},"content":{"rendered":"<p>Si vous allez du c\u00f4t\u00e9 de <a title=\"Les rues de Barcelone\" href=\"http:\/\/www.carnets-de-traverse.com\/blog\/rues-de-barcelone\">Barcelone<\/a>, vous aurez peut-\u00eatre envie de vous promener dans l&rsquo;arri\u00e8re-pays ? Voici quelques id\u00e9es pour d\u00e9couvrir la Catalogne ! Je commence par le plus \u00e9loign\u00e9 dans les terres pour revenir vers la c\u00f4te.<\/p>\n<h2><span style=\"text-decoration: underline;\">Faire du parapente \u00e0 Berga<\/span><\/h2>\n<p>Berga, c&rsquo;est le d\u00e9but des Pyr\u00e9n\u00e9es. L&rsquo;int\u00e9r\u00eat c&rsquo;est ici surtout la nature, les for\u00eats, la baignade en rivi\u00e8res, canyoning, via ferrata, kayak, quad&#8230;\u00a0Si vous aimez la randonn\u00e9e, il y a 2000 km de sentiers balis\u00e9s souvent ponctu\u00e9s de jolies \u00e9glises romanes. En saison (c&rsquo;est-\u00e0-dire au printemps et \u00e0 l&rsquo;automne) on y cueille de tr\u00e8s bons champignons, que l&rsquo;on retrouve bien s\u00fbr dans les assiettes des restaurants.<\/p>\n<p>Moi, j&rsquo;ai test\u00e9 le parapente avec <a title=\"Volem parapente\" href=\"http:\/\/www.volem.net\/\" target=\"_blank\">Volem<\/a> ! J&rsquo;en avais d\u00e9j\u00e0 fait \u00e0 La R\u00e9union \u00e0 St Leu, mais l\u00e0 j&rsquo;avoue que j&rsquo;ai pr\u00e9f\u00e9r\u00e9 parce que c&rsquo;\u00e9tait un peu plus impressionnant ! C&rsquo;est le genre de moments o\u00f9 on ne peut pas s&#8217;emp\u00eacher de faire des \u00ab\u00a0Youhouuuu !\u00a0\u00bb (allez quoi, au moins un) et d&rsquo;afficher un sourire b\u00e9at plus ou moins constant. J&rsquo;adore \u00e7a !<\/p>\n<p><img fetchpriority=\"high\" decoding=\"async\" class=\"alignnone size-large wp-image-12427\" src=\"http:\/\/www.carnets-de-traverse.com\/blog\/wp-content\/uploads\/2013\/07\/L1007707-750x499.jpg\" alt=\"Parapente Berga\" width=\"750\" height=\"499\" srcset=\"https:\/\/www.carnets-de-traverse.com\/blog\/wp-content\/uploads\/2013\/07\/L1007707-750x499.jpg 750w, https:\/\/www.carnets-de-traverse.com\/blog\/wp-content\/uploads\/2013\/07\/L1007707-450x300.jpg 450w, https:\/\/www.carnets-de-traverse.com\/blog\/wp-content\/uploads\/2013\/07\/L1007707-600x399.jpg 600w, https:\/\/www.carnets-de-traverse.com\/blog\/wp-content\/uploads\/2013\/07\/L1007707.jpg 954w\" sizes=\"(max-width: 750px) 100vw, 750px\" \/><\/p>\n<p><img decoding=\"async\" class=\"alignnone size-large wp-image-12692\" src=\"http:\/\/www.carnets-de-traverse.com\/blog\/wp-content\/uploads\/2013\/07\/L1007718-750x499.jpg\" alt=\"Parapente\" width=\"750\" height=\"499\" srcset=\"https:\/\/www.carnets-de-traverse.com\/blog\/wp-content\/uploads\/2013\/07\/L1007718-750x499.jpg 750w, https:\/\/www.carnets-de-traverse.com\/blog\/wp-content\/uploads\/2013\/07\/L1007718-450x300.jpg 450w, https:\/\/www.carnets-de-traverse.com\/blog\/wp-content\/uploads\/2013\/07\/L1007718-600x399.jpg 600w, https:\/\/www.carnets-de-traverse.com\/blog\/wp-content\/uploads\/2013\/07\/L1007718.jpg 954w\" sizes=\"(max-width: 750px) 100vw, 750px\" \/><\/p>\n<div id=\"attachment_12448\" style=\"width: 760px\" class=\"wp-caption alignnone\"><img decoding=\"async\" aria-describedby=\"caption-attachment-12448\" class=\"size-large wp-image-12448\" src=\"http:\/\/www.carnets-de-traverse.com\/blog\/wp-content\/uploads\/2013\/07\/L1007717-750x499.jpg\" alt=\"Parapente\" width=\"750\" height=\"499\" srcset=\"https:\/\/www.carnets-de-traverse.com\/blog\/wp-content\/uploads\/2013\/07\/L1007717-750x499.jpg 750w, https:\/\/www.carnets-de-traverse.com\/blog\/wp-content\/uploads\/2013\/07\/L1007717-450x300.jpg 450w, https:\/\/www.carnets-de-traverse.com\/blog\/wp-content\/uploads\/2013\/07\/L1007717-600x399.jpg 600w, https:\/\/www.carnets-de-traverse.com\/blog\/wp-content\/uploads\/2013\/07\/L1007717.jpg 954w\" sizes=\"(max-width: 750px) 100vw, 750px\" \/><p id=\"caption-attachment-12448\" class=\"wp-caption-text\">Youhouuuu !<\/p><\/div>\n<p>On a fait aussi une initiation (rapide) pour apprendre \u00e0 lever sa voile en pente douce. \u00c7a fait d\u00e9j\u00e0 de petites sensations et on peut d\u00e9coller un peu, tout seul comme un grand. Ils proposent des stages plus longs aussi.<\/p>\n<p>Suggestion de restaurant dans les alentours de Berga : <a title=\"La Cabana\" href=\"http:\/\/goo.gl\/EG0Ozv\" target=\"_blank\" class=\"broken_link\">La Cabana<\/a>. D\u00e9licieux ! Je garde le souvenir \u00e9mu d&rsquo;un millefeuille au foie gras sucr\u00e9-sal\u00e9. Le tout avec une belle vue !<\/p>\n<p>C\u00f6t\u00e9 h\u00e9bergement, il y a de tr\u00e8s jolis g\u00eetes dans les environ de Berga :<\/p>\n<ul>\n<li><a href=\"http:\/\/www.booking.com\/hotel\/es\/viladomatrural.fr.html?aid=388385\" target=\"_blank\">Viladomatrural<\/a>, une grande maison en pierres au nord de\u00a0la ville,<\/li>\n<li>\u00c0 4km du centre, mais d\u00e9j\u00e0 \u00e0 la campagne, la\u00a0<a href=\"http:\/\/www.booking.com\/hotel\/es\/casa-horta.fr.html?aid=388385\" target=\"_blank\">Casa Horta<\/a>, un charmant\u00a0g\u00eete en pierres avec des chevaux,<\/li>\n<li><a href=\"http:\/\/www.booking.com\/hotel\/es\/cal-majoral.fr.html?aid=388385\" target=\"_blank\">Cal Majoral<\/a>,\u00a0une jolie maison de campagne catalane, et un restaurant,<\/li>\n<li><a href=\"http:\/\/www.booking.com\/hotel\/es\/cal-llengot.fr.html?aid=388385\" target=\"_blank\">Cal Llengot<\/a>, avec une piscine int\u00e9rieure chauff\u00e9e ET une piscine ext\u00e9rieure svp :)<\/li>\n<\/ul>\n<h2><span style=\"text-decoration: underline;\">Assister \u00e0 la Patum de Berga (mai\/juin)<\/span><\/h2>\n<p>La Patum est une f\u00eate traditionnelle populaire hors du commun ! Une semaine de danse, de musique, de processions, de d\u00e9fil\u00e9s dans le centre de la ville de Berga, elle est inscrite au\u00a0patrimoine culturel immat\u00e9riel de l&rsquo;humanit\u00e9\u00a0de l\u2019UNESCO\u00a0depuis 2005.\u00a0Il s&rsquo;agit d&rsquo;un grand rassemblement qui nous vient du Moyen-\u00c2ge (genre XIVe si\u00e8cle) et qui se d\u00e9roule tous les ans pendant la semaine de la F\u00eate-Dieu, c&rsquo;est-\u00e0-dire entre la fin mai et la fin juin.<\/p>\n<p><img loading=\"lazy\" decoding=\"async\" class=\"alignnone size-large wp-image-12604\" src=\"http:\/\/www.carnets-de-traverse.com\/blog\/wp-content\/uploads\/2013\/07\/L1007628-750x499.jpg\" alt=\"Patum de Berga\" width=\"750\" height=\"499\" srcset=\"https:\/\/www.carnets-de-traverse.com\/blog\/wp-content\/uploads\/2013\/07\/L1007628-750x499.jpg 750w, https:\/\/www.carnets-de-traverse.com\/blog\/wp-content\/uploads\/2013\/07\/L1007628-450x300.jpg 450w, https:\/\/www.carnets-de-traverse.com\/blog\/wp-content\/uploads\/2013\/07\/L1007628-600x399.jpg 600w, https:\/\/www.carnets-de-traverse.com\/blog\/wp-content\/uploads\/2013\/07\/L1007628.jpg 954w\" sizes=\"(max-width: 750px) 100vw, 750px\" \/><\/p>\n<p><img loading=\"lazy\" decoding=\"async\" class=\"alignnone size-large wp-image-12690\" src=\"http:\/\/www.carnets-de-traverse.com\/blog\/wp-content\/uploads\/2013\/07\/L1007621-750x499.jpg\" alt=\"Patum de Berga\" width=\"750\" height=\"499\" srcset=\"https:\/\/www.carnets-de-traverse.com\/blog\/wp-content\/uploads\/2013\/07\/L1007621-750x499.jpg 750w, https:\/\/www.carnets-de-traverse.com\/blog\/wp-content\/uploads\/2013\/07\/L1007621-450x300.jpg 450w, https:\/\/www.carnets-de-traverse.com\/blog\/wp-content\/uploads\/2013\/07\/L1007621-600x399.jpg 600w, https:\/\/www.carnets-de-traverse.com\/blog\/wp-content\/uploads\/2013\/07\/L1007621.jpg 954w\" sizes=\"(max-width: 750px) 100vw, 750px\" \/><\/p>\n<p>Si comme moi vous pensez que le mot \u00ab\u00a0Patum\u00a0\u00bb vient du latin, sachez que vous avez tout faux. En fait, ce nom provient du son du tambour (le <em>Tabal<\/em>) qui bat la mesure tout au long des festivit\u00e9s ! Fallait pas chercher de midi \u00e0 quatorze heures :)<\/p>\n<blockquote><p>Pa ! Toum ! Pa ! Toum !<\/p><\/blockquote>\n<p>Aujourd&rsquo;hui comm\u00e9moration religieuse, on sent tout de m\u00eame tr\u00e8s bien ses origines pa\u00efennes : il y a des personnages diaboliques, des g\u00e9ants, des nains, une ambiance parfois sombre, beaucoup de feu, des rituels et des danses qui ne sont pas ce qu&rsquo;on a l&rsquo;habitude de voir lors d&rsquo;une f\u00eate religieuse !<\/p>\n<p><iframe src=\"http:\/\/player.vimeo.com\/video\/70736141?color=ffffff\" width=\"750\" height=\"420\" frameborder=\"0\" allowfullscreen=\"allowfullscreen\"><\/iframe><\/p>\n<blockquote><p>Emport\u00e9s\u00a0par la foule qui s&rsquo;\u00e9lance<br \/>\nEt qui danse<br \/>\nUne folle farandole&#8230;<\/p><\/blockquote>\n<p>Edith Piaf \u00e9tait s\u00fbrement \u00e0 Berga !<\/p>\n<p>C&rsquo;est tr\u00e8s impressionnant \u00e0 voir d&rsquo;en haut ! Mais encore plus \u00e0 vivre d&rsquo;en bas ! Disons que pendant un long moment mes pieds n&rsquo;ont plus touch\u00e9 terre&#8230; Il faut se laisser porter. \u00c0 vrai dire, on n&rsquo;a pas le choix !<\/p>\n<div id=\"attachment_12481\" style=\"width: 760px\" class=\"wp-caption alignnone\"><img loading=\"lazy\" decoding=\"async\" aria-describedby=\"caption-attachment-12481\" class=\"size-full wp-image-12481\" src=\"http:\/\/www.carnets-de-traverse.com\/blog\/wp-content\/uploads\/2013\/07\/562449_365637610141.jpg\" alt=\"Patum de Berga\" width=\"750\" height=\"499\" srcset=\"https:\/\/www.carnets-de-traverse.com\/blog\/wp-content\/uploads\/2013\/07\/562449_365637610141.jpg 750w, https:\/\/www.carnets-de-traverse.com\/blog\/wp-content\/uploads\/2013\/07\/562449_365637610141-450x300.jpg 450w, https:\/\/www.carnets-de-traverse.com\/blog\/wp-content\/uploads\/2013\/07\/562449_365637610141-600x399.jpg 600w\" sizes=\"(max-width: 750px) 100vw, 750px\" \/><p id=\"caption-attachment-12481\" class=\"wp-caption-text\">Le <em>Plens<\/em>, diables de feu \u2013 Photo \u00a9 Rafael L\u00f3pez-Munn\u00e9<\/p><\/div>\n<p>Le moment le plus fort est le\u00a0<em>Plens<\/em>\u00a0(diables de feu). Il fait nuit, des dizaines de personnes ont enfil\u00e9 un costume sp\u00e9cial qui prend feu, ils dansent, la fum\u00e9e s&rsquo;\u00e9paissit jusqu&rsquo;\u00e0 ce qu&rsquo;on ne distingue plus que des ombres. C&rsquo;est assez indescriptible en fait. Hyptonique, je crois, est un des adjectifs qui colle bien. Si vous voulez \u00eatre sur la place pendant le Plens, il vous faudra des chaussures solides, un grand chapeau et des v\u00eatements en coton adapt\u00e9s aux nombreuses \u00e9tincelles&#8230;<\/p>\n<p>Ne repartez pas sans avoir go\u00fbt\u00e9 LA boisson que tout le monde sirote \u00e0 la Patum : la\u00a0Barreja. Cela veut dire tout simplement \u00ab\u00a0m\u00e9lange\u00a0\u00bb, car c&rsquo;est en effet un m\u00e9lange d&rsquo;anis et de muscat. Tr\u00e8s bon &#8211; c&rsquo;est sucr\u00e9 : autrement dit, un peu tra\u00eetre :)<\/p>\n<h2><span style=\"text-decoration: underline;\">Dormir dans un parador catalan<\/span><\/h2>\n<p>Toujours sympa de dormir dans un ch\u00e2teau m\u00e9di\u00e9val fortifi\u00e9 avec des douves, des tours, des remparts, et m\u00eame une \u00e9glise. Perch\u00e9s sur une colline au-dessus de Cardona, nous avons une tr\u00e8s belle vue sur les alentours.<\/p>\n<p>Quelques chambres ont des lits \u00e0 baldaquin. Le petit d\u00e9jeuner (buffet) est pris dans une belle salle vo\u00fbt\u00e9e toute en pierre &#8211; comme on peut s&rsquo;y attendre dans un ch\u00e2teau.<\/p>\n<p><a title=\"Parador de Cardona\" href=\"http:\/\/www.booking.com\/hotel\/es\/parador-de-cardona.fr.html?aid=388385\" target=\"_blank\">Parador de Cardona<\/a>, la double \u00e0 partir de 150\u20ac.<\/p>\n<p><img loading=\"lazy\" decoding=\"async\" src=\"http:\/\/www.carnets-de-traverse.com\/blog\/wp-content\/uploads\/2013\/07\/747209332_3052011103136-750x319.jpg\" alt=\"747209332_3052011103136\" width=\"750\" height=\"319\" \/><\/p>\n<p><img loading=\"lazy\" decoding=\"async\" src=\"http:\/\/www.carnets-de-traverse.com\/blog\/wp-content\/uploads\/2013\/07\/504026542_305201113145-750x319.jpg\" alt=\"Parador de Cardona\" width=\"750\" height=\"319\" \/><\/p>\n<p><img loading=\"lazy\" decoding=\"async\" src=\"http:\/\/www.carnets-de-traverse.com\/blog\/wp-content\/uploads\/2013\/07\/1256939808_305201113479-750x319.jpg\" alt=\"1256939808_305201113479\" width=\"750\" height=\"319\" \/><\/p>\n<p><img loading=\"lazy\" decoding=\"async\" src=\"http:\/\/www.carnets-de-traverse.com\/blog\/wp-content\/uploads\/2013\/07\/756928535_305201111037-750x319.jpg\" alt=\"756928535_305201111037\" width=\"750\" height=\"319\" \/><\/p>\n<h2><span style=\"text-decoration: underline;\">Faire du 4&#215;4 et du buggy<\/span><\/h2>\n<p>Pour les fans de sensations fortes, il y a beaucoup de choses \u00e0 faire dans la r\u00e9gion. J&rsquo;ai essay\u00e9 le 4&#215;4, le buggy et l&rsquo;accrobranche dans un centre qui s&rsquo;appelle <a title=\"Les Comes\" href=\"http:\/\/www.barcelonaprovincecb.cat\/fr\/reunions\/establiment.asp?codi=330\" target=\"_blank\">Les C\u00f4mes<\/a>\u00a0\u00e0 Manresa, une tr\u00e8s belle propri\u00e9t\u00e9 flanqu\u00e9e d&rsquo;un grand et magnifique mas en pierre, mais qui est plut\u00f4t pour les groupes (et qui peut m\u00eame organiser de tr\u00e8s grands \u00e9v\u00e8nements, congr\u00e8s, concerts, etc.).<\/p>\n<p>Mais puisqu&rsquo;il y a de fortes chances que vous soyez un voyageur ind\u00e9pendant si vous \u00eates sur ce blog, vous pouvez plut\u00f4t vous rapprocher de <a title=\"kokopeli adventure\" href=\"http:\/\/www.kokopeliadventure.com\/\" target=\"_blank\">Kokopeli Experience<\/a>\u00a0\u00e0 Barcelone ou de Jeep Aventure \u00e0 Cambrils.<\/p>\n<p>En tous cas, c&rsquo;est plut\u00f4t cool et je me suis amus\u00e9e comme une folle dans les bosses :)<\/p>\n<p><img loading=\"lazy\" decoding=\"async\" class=\"alignnone size-large wp-image-12499\" src=\"http:\/\/www.carnets-de-traverse.com\/blog\/wp-content\/uploads\/2013\/07\/IMG_2152-2-750x560.jpg\" alt=\"Catalogne 4x4\" width=\"750\" height=\"560\" srcset=\"https:\/\/www.carnets-de-traverse.com\/blog\/wp-content\/uploads\/2013\/07\/IMG_2152-2-750x560.jpg 750w, https:\/\/www.carnets-de-traverse.com\/blog\/wp-content\/uploads\/2013\/07\/IMG_2152-2-401x300.jpg 401w, https:\/\/www.carnets-de-traverse.com\/blog\/wp-content\/uploads\/2013\/07\/IMG_2152-2-600x448.jpg 600w, https:\/\/www.carnets-de-traverse.com\/blog\/wp-content\/uploads\/2013\/07\/IMG_2152-2.jpg 954w\" sizes=\"(max-width: 750px) 100vw, 750px\" \/><\/p>\n<p><img loading=\"lazy\" decoding=\"async\" class=\"alignnone size-large wp-image-12669\" src=\"http:\/\/www.carnets-de-traverse.com\/blog\/wp-content\/uploads\/2013\/07\/IMG_2154-2-750x560.jpg\" alt=\"Catalogne 4x4\" width=\"750\" height=\"560\" srcset=\"https:\/\/www.carnets-de-traverse.com\/blog\/wp-content\/uploads\/2013\/07\/IMG_2154-2-750x560.jpg 750w, https:\/\/www.carnets-de-traverse.com\/blog\/wp-content\/uploads\/2013\/07\/IMG_2154-2-401x300.jpg 401w, https:\/\/www.carnets-de-traverse.com\/blog\/wp-content\/uploads\/2013\/07\/IMG_2154-2-600x448.jpg 600w, https:\/\/www.carnets-de-traverse.com\/blog\/wp-content\/uploads\/2013\/07\/IMG_2154-2.jpg 954w\" sizes=\"(max-width: 750px) 100vw, 750px\" \/><\/p>\n<p>Et le buggy ! C&rsquo;\u00e9tait la premi\u00e8re fois et j&rsquo;ai beaucoup aim\u00e9. Je vous avoue que je n&rsquo;avais qu&rsquo;une envie : aller encore plus vite ! On a l&rsquo;impression d&rsquo;une grande maniabilit\u00e9 et une tenue de route \u00e0 toute \u00e9preuve ! Fun ! Un peu comme du kart mais en plus nerveux.<\/p>\n<p><img loading=\"lazy\" decoding=\"async\" class=\"alignnone size-large wp-image-12670\" src=\"http:\/\/www.carnets-de-traverse.com\/blog\/wp-content\/uploads\/2013\/07\/L1007555-750x499.jpg\" alt=\"Buggy Catalogne\" width=\"750\" height=\"499\" srcset=\"https:\/\/www.carnets-de-traverse.com\/blog\/wp-content\/uploads\/2013\/07\/L1007555-750x499.jpg 750w, https:\/\/www.carnets-de-traverse.com\/blog\/wp-content\/uploads\/2013\/07\/L1007555-450x300.jpg 450w, https:\/\/www.carnets-de-traverse.com\/blog\/wp-content\/uploads\/2013\/07\/L1007555-600x399.jpg 600w, https:\/\/www.carnets-de-traverse.com\/blog\/wp-content\/uploads\/2013\/07\/L1007555.jpg 954w\" sizes=\"(max-width: 750px) 100vw, 750px\" \/><\/p>\n<h2><span style=\"text-decoration: underline;\">Visiter l&rsquo;Abbaye de Montserrat<\/span><\/h2>\n<p>Je n&rsquo;ai pas personnellement fait cette visite, mais <a title=\"Catalogne centrale, Montserrat\" href=\"http:\/\/www.madame-oreille.com\/blog\/index.php\/catalogne-centrale-montserrat\/\" target=\"_blank\" class=\"broken_link\">Madame Oreille y est all\u00e9<\/a> et\u00a0<a title=\"Abbaye de Montserrat\" href=\"http:\/\/goo.gl\/h5Z1jl\" target=\"_blank\" class=\"broken_link\">\u00e7a a l&rsquo;air bien<\/a>. La Vierge serait apparut plusieurs fois dans une grotte (\u00e7a vous rappelle quelque chose ? :)).<\/p>\n<p>L&rsquo;abbaye est situ\u00e9e sur le massif montagneux de\u00a0Montserrat.\u00a0En dehors du monast\u00e8re et de la grotte, il y a de nombreuses petites \u00e9glises et ermitages abandonn\u00e9s. Il y a aussi une Vierge noire tr\u00e8s connue,\u00a0la\u00a0<em>Moreneta<\/em>. De quoi faire surtout de belles randonn\u00e9es !<\/p>\n<p>On s&rsquo;y rend en t\u00e9l\u00e9ph\u00e9rique et on peut y dormir. Si cela vous tente, il y a plein d&rsquo;autres <a title=\"Monast\u00e8res catalans\" href=\"http:\/\/monestirs.cat\/monst\/monestir.htm\" target=\"_blank\">monast\u00e8res o\u00f9 l&rsquo;on peut dormir en Catalogne<\/a>. Moi j&rsquo;adore <a title=\"Dormez dans un s\u00e9minaire \u00e0 Volterra\" href=\"http:\/\/www.carnets-de-traverse.com\/blog\/dormez-dans-un-seminaire-volterra\" target=\"_blank\">ce genre d&rsquo;exp\u00e9rience<\/a>&#8230; Il y a toujours une ambiance sp\u00e9ciale.<\/p>\n<p>Il y a\u00a0aussi juste \u00e0 c\u00f4t\u00e9 l&rsquo;h\u00f4tel <a href=\"http:\/\/www.booking.com\/hotel\/es\/abat-cisneros-montserrat.fr.html?aid=388385\" target=\"_blank\">Abat Cisneros Montserrat<\/a> ou les appartements <a href=\"http:\/\/www.booking.com\/hotel\/es\/apartamentos-montserrat-abat-marcet.fr.html?aid=388385\" target=\"_blank\">Abat Marcet<\/a>.<\/p>\n<div id=\"attachment_12574\" style=\"width: 760px\" class=\"wp-caption alignnone\"><img loading=\"lazy\" decoding=\"async\" aria-describedby=\"caption-attachment-12574\" class=\"size-large wp-image-12574\" src=\"http:\/\/www.carnets-de-traverse.com\/blog\/wp-content\/uploads\/2013\/07\/8664995116_725b51a7c9_b-750x500.jpg\" alt=\"Abbaye de Montserrat\" width=\"750\" height=\"500\" srcset=\"https:\/\/www.carnets-de-traverse.com\/blog\/wp-content\/uploads\/2013\/07\/8664995116_725b51a7c9_b-750x500.jpg 750w, https:\/\/www.carnets-de-traverse.com\/blog\/wp-content\/uploads\/2013\/07\/8664995116_725b51a7c9_b-449x300.jpg 449w, https:\/\/www.carnets-de-traverse.com\/blog\/wp-content\/uploads\/2013\/07\/8664995116_725b51a7c9_b-600x400.jpg 600w, https:\/\/www.carnets-de-traverse.com\/blog\/wp-content\/uploads\/2013\/07\/8664995116_725b51a7c9_b.jpg 1024w\" sizes=\"(max-width: 750px) 100vw, 750px\" \/><p id=\"caption-attachment-12574\" class=\"wp-caption-text\">Abbaye de Montserrat \u2013 Photo \u00a9 Claudio Sep\u00falveda Geoffroy<\/p><\/div>\n<h2><span style=\"text-decoration: underline;\">Visiter une cave moderniste, producteur de Cava<\/span><\/h2>\n<p>Cr\u00e9\u00e9e en\u00a01794, Ludens est une entreprise familiale qui produit\u00a0150 000 bouteilles de Cava par an. La maison principale est tr\u00e8s sympa avec des vitraux modernistes rares.\u00a0La visite\u00a0comprend la maison, la cave et une d\u00e9gustation comment\u00e9e de quatre cavas par le sommelier.<\/p>\n<p>10\u20ac\/pers. sur r\u00e9servation. Du c\u00f4t\u00e9 de Font-Rub\u00ed.\u00a0Du lundi au vendredi de 10h \u00e0 18h, le week-end sur demande.\u00a0<a title=\"Cava Ludens\" href=\"http:\/\/cavaludens.cat\/en\/ludico-ludens\/visitas\" target=\"_blank\" class=\"broken_link\">Plus d&rsquo;infos<\/a><\/p>\n<p>Il y a beaucoup de\u00a0<a title=\"Enotourisme Catalogne\" href=\"http:\/\/www.enoturismepenedes.cat\/en\" target=\"_blank\" class=\"broken_link\">caves ouvertes au public<\/a>\u00a0mais vous pouvez aussi <a title=\"G\u00eetes ruraux\" href=\"http:\/\/www.booking.com\/hotel\/es\/castell-de-gimenelles.fr.html?aid=388385\" target=\"_blank\">dormir dans de belles propri\u00e9t\u00e9s, entour\u00e9es de vignes<\/a>\u00a0;)<\/p>\n<p><img loading=\"lazy\" decoding=\"async\" src=\"http:\/\/www.carnets-de-traverse.com\/blog\/wp-content\/uploads\/2013\/07\/L1007455-750x507.jpg\" alt=\"Ludens cava\" width=\"750\" height=\"507\" \/><\/p>\n<p><img loading=\"lazy\" decoding=\"async\" class=\"alignnone size-large wp-image-12677\" src=\"http:\/\/www.carnets-de-traverse.com\/blog\/wp-content\/uploads\/2013\/07\/L1007445-750x499.jpg\" alt=\"Ludens cava\" width=\"750\" height=\"499\" srcset=\"https:\/\/www.carnets-de-traverse.com\/blog\/wp-content\/uploads\/2013\/07\/L1007445-750x499.jpg 750w, https:\/\/www.carnets-de-traverse.com\/blog\/wp-content\/uploads\/2013\/07\/L1007445-450x300.jpg 450w, https:\/\/www.carnets-de-traverse.com\/blog\/wp-content\/uploads\/2013\/07\/L1007445-600x399.jpg 600w, https:\/\/www.carnets-de-traverse.com\/blog\/wp-content\/uploads\/2013\/07\/L1007445.jpg 954w\" sizes=\"(max-width: 750px) 100vw, 750px\" \/><\/p>\n<p><img loading=\"lazy\" decoding=\"async\" class=\"alignnone size-large wp-image-12583\" src=\"http:\/\/www.carnets-de-traverse.com\/blog\/wp-content\/uploads\/2013\/07\/L10074481-750x499.jpg\" alt=\"Ludens cava\" width=\"750\" height=\"499\" srcset=\"https:\/\/www.carnets-de-traverse.com\/blog\/wp-content\/uploads\/2013\/07\/L10074481-750x499.jpg 750w, https:\/\/www.carnets-de-traverse.com\/blog\/wp-content\/uploads\/2013\/07\/L10074481-450x300.jpg 450w, https:\/\/www.carnets-de-traverse.com\/blog\/wp-content\/uploads\/2013\/07\/L10074481-600x399.jpg 600w\" sizes=\"(max-width: 750px) 100vw, 750px\" \/><\/p>\n<p><img loading=\"lazy\" decoding=\"async\" class=\"alignnone size-large wp-image-12674\" src=\"http:\/\/www.carnets-de-traverse.com\/blog\/wp-content\/uploads\/2013\/07\/L1007485-750x499.jpg\" alt=\"Ludens cava\" width=\"750\" height=\"499\" srcset=\"https:\/\/www.carnets-de-traverse.com\/blog\/wp-content\/uploads\/2013\/07\/L1007485-750x499.jpg 750w, https:\/\/www.carnets-de-traverse.com\/blog\/wp-content\/uploads\/2013\/07\/L1007485-450x300.jpg 450w, https:\/\/www.carnets-de-traverse.com\/blog\/wp-content\/uploads\/2013\/07\/L1007485-600x399.jpg 600w, https:\/\/www.carnets-de-traverse.com\/blog\/wp-content\/uploads\/2013\/07\/L1007485.jpg 954w\" sizes=\"(max-width: 750px) 100vw, 750px\" \/><\/p>\n<h2><span style=\"text-decoration: underline;\">Voir les Castellers de Vilafranca<\/span><\/h2>\n<p>Manifestation\u00a0culturelle\u00a0traditionnelle\u00a0de\u00a0Catalogne\u00a0consistant \u00e0 b\u00e2tir des\u00a0tours humaines, les\u00a0castells\u00a0(\u00ab\u00a0ch\u00e2teaux\u00a0\u00bb en\u00a0catalan)\u00a0existent depuis 1948 sous cette forme bien que la tradition soit plus ancienne, de part ses origines religieuses dans les processions (environ 200 ans).<\/p>\n<p>Au d\u00e9but, les tours s&rsquo;\u00e9levaient \u00e0 6 \u00e9tages, aujourd&rsquo;hui il y en a jusqu&rsquo;\u00e0 10 ! C&rsquo;est vraiment chouette \u00e0 regarder, cela d\u00e9gage une \u00e9nergie tr\u00e8s positive, et s&rsquo;appuie sur des valeurs comme la force, l&rsquo;\u00e9quilibre, le courage, l&rsquo;intelligence.\u00a0Les Castellers sont un symbole de solidarit\u00e9, de l&rsquo;importance du groupe : rien ne peut \u00eatre r\u00e9alis\u00e9 sans les nombreuses personnes qui sont \u00e0 la base des formations (jusqu&rsquo;\u00e0 300 !).<\/p>\n<p><img loading=\"lazy\" decoding=\"async\" class=\"alignnone size-full wp-image-12540\" src=\"http:\/\/www.carnets-de-traverse.com\/blog\/wp-content\/uploads\/2013\/07\/IGP6815.jpg\" alt=\"Castellers de Vilafranca\" width=\"550\" height=\"825\" srcset=\"https:\/\/www.carnets-de-traverse.com\/blog\/wp-content\/uploads\/2013\/07\/IGP6815.jpg 550w, https:\/\/www.carnets-de-traverse.com\/blog\/wp-content\/uploads\/2013\/07\/IGP6815-200x300.jpg 200w, https:\/\/www.carnets-de-traverse.com\/blog\/wp-content\/uploads\/2013\/07\/IGP6815-500x750.jpg 500w\" sizes=\"(max-width: 550px) 100vw, 550px\" \/><\/p>\n<p>Il y parfois des effondrements (cf. la vid\u00e9o ci-dessous)&#8230; mais en g\u00e9n\u00e9ral assez peu de bobos car chacun se rattrape.\u00a0L&rsquo;union fait leur force.<\/p>\n<p>\u00c0 Vilafranca del Pened\u00e8s, ils sont en vert et c&rsquo;est l&rsquo;\u00e9quipe n\u00b01. Ils sont souvent en voyage pour des tournois, dans le monde entier ! Regardez s&rsquo;il n&rsquo;y a pas de f\u00eate dans la r\u00e9gion au moment o\u00f9 vous passez :\u00a0<a title=\"Castellers de Vilafranca\" href=\"http:\/\/www.castellersdevilafranca.cat\/\" target=\"_blank\" class=\"broken_link\">plus d&rsquo;infos ici<\/a>. La prochaine c&rsquo;est <a title=\"Castellers de Vilafranca\" href=\"http:\/\/www.castellersdevilafranca.cat\/\" target=\"_blank\" class=\"broken_link\">le 10 aout 2013<\/a>.<\/p>\n<p><iframe src=\"\/\/www.youtube.com\/embed\/ZFLyoZ5BTLg?rel=0\" width=\"750\" height=\"422\" frameborder=\"0\" allowfullscreen=\"allowfullscreen\"><\/iframe><\/p>\n<p><span style=\"text-decoration: underline;\">Principales repr\u00e9sentations de Castellers pour 2013 :<\/span> 15 ao\u00fbt \u00e0 la Bisbal del Pened\u00e8s, 25 ao\u00fbt \u00e0 l&rsquo;Arbo\u00e7, 30 ao\u00fbt \u00e0 Vilafranca del Pened\u00e8s, 15 septembre \u00e0 Tarragone, 20\/22 septembre pour les Festes de la Merc\u00e8 \u00e0 Barcelone (dates \u00e0 confirmer), 27 octobre \u00e0 Valls,\u00a01er novembre \u00e0 Vilafranca del Pened\u00e8s, 17\/24 novembre \u00e0 Terrassa (dates \u00e0 confirmer).<\/p>\n<h2><span style=\"text-decoration: underline;\">Go\u00fbter la cuisine cr\u00e9ative catalane<\/span><\/h2>\n<p>Si vous \u00eates \u00e0 Vilafranca, je vous sugg\u00e8re de d\u00eener au\u00a0<a title=\"El Cigr\u00f3 d'or\" href=\"http:\/\/www.elcigrodor.com\/\" target=\"_blank\">Cigr\u00f3 d&rsquo;or<\/a>, un restaurant qui se trouve au premier \u00e9tage du march\u00e9 municipal de la viande, le \u00ab\u00a0Mercat de la carn\u00a0\u00bb, dans le centre ville. On y mange tr\u00e8s tr\u00e8s bien. Nous y avons crois\u00e9 Sergi L\u00f3pez qui habite le coin :).<\/p>\n<p>La cuisine y est cr\u00e9ative : gazpacho aux poires (d\u00e9licieux !), pois chiches de la Haute\u00a0Anoia\u00a0aux champignons japonais, salade de saumon \u00e0 la banane et au yaourt, cannelloni au foie gras, parmesan et poulet&#8230; Le tout arros\u00e9 de bons vins locaux et de cava.<\/p>\n<p>Menus entre 15 et 40\u20ac.\u00a0Bon profit!<\/p>\n<p><img loading=\"lazy\" decoding=\"async\" class=\"alignnone size-large wp-image-12529\" src=\"http:\/\/www.carnets-de-traverse.com\/blog\/wp-content\/uploads\/2013\/07\/L1007418-Modifier-2-750x499.jpg\" alt=\"Restaurant El Cigro d'or, Vilafranca\" width=\"750\" height=\"499\" srcset=\"https:\/\/www.carnets-de-traverse.com\/blog\/wp-content\/uploads\/2013\/07\/L1007418-Modifier-2-750x499.jpg 750w, https:\/\/www.carnets-de-traverse.com\/blog\/wp-content\/uploads\/2013\/07\/L1007418-Modifier-2-450x300.jpg 450w, https:\/\/www.carnets-de-traverse.com\/blog\/wp-content\/uploads\/2013\/07\/L1007418-Modifier-2-600x399.jpg 600w, https:\/\/www.carnets-de-traverse.com\/blog\/wp-content\/uploads\/2013\/07\/L1007418-Modifier-2.jpg 954w\" sizes=\"(max-width: 750px) 100vw, 750px\" \/><\/p>\n<p><img loading=\"lazy\" decoding=\"async\" class=\"alignnone size-large wp-image-12526\" src=\"http:\/\/www.carnets-de-traverse.com\/blog\/wp-content\/uploads\/2013\/07\/el-cigro-dor1-750x277.jpg\" alt=\"El Cigro d'Or, Vilafranca\" width=\"750\" height=\"277\" srcset=\"https:\/\/www.carnets-de-traverse.com\/blog\/wp-content\/uploads\/2013\/07\/el-cigro-dor1-750x277.jpg 750w, https:\/\/www.carnets-de-traverse.com\/blog\/wp-content\/uploads\/2013\/07\/el-cigro-dor1-500x184.jpg 500w, https:\/\/www.carnets-de-traverse.com\/blog\/wp-content\/uploads\/2013\/07\/el-cigro-dor1-600x221.jpg 600w, https:\/\/www.carnets-de-traverse.com\/blog\/wp-content\/uploads\/2013\/07\/el-cigro-dor1.jpg 849w\" sizes=\"(max-width: 750px) 100vw, 750px\" \/><\/p>\n<h2><span style=\"text-decoration: underline;\">Visiter la Col\u00f2nia\u00a0G\u00fcell\u00a0et son \u00e9glise inachev\u00e9e, sign\u00e9es Gaud\u00ed<\/span><\/h2>\n<p>Gaud\u00ed n&rsquo;a pas \u0153uvr\u00e9 seulement \u00e0 Barcelone. \u00c0\u00a020 minutes de l\u00e0, \u00e0 Santa Coloma de Cervell\u00f3,\u00a0la Col\u00f2nia\u00a0G\u00fcell est une ancienne cit\u00e9 industrielle textile, cr\u00e9\u00e9e\u00a0en 1890. Aujourd&rsquo;hui, les anciens ouvriers sont devenus propri\u00e9taires de leur maison et il y r\u00e8gne une ambiance agr\u00e9able de village.<\/p>\n<p><img loading=\"lazy\" decoding=\"async\" src=\"http:\/\/www.carnets-de-traverse.com\/blog\/wp-content\/uploads\/2013\/07\/L1007498-750x499.jpg\" alt=\"Col\u00f2nia G\u00fcell\" width=\"750\" height=\"499\" \/><\/p>\n<p><img loading=\"lazy\" decoding=\"async\" class=\"alignnone size-large wp-image-12587\" src=\"http:\/\/www.carnets-de-traverse.com\/blog\/wp-content\/uploads\/2013\/07\/L1007499-750x499.jpg\" alt=\"Col\u00f2nia G\u00fcell\" width=\"750\" height=\"499\" srcset=\"https:\/\/www.carnets-de-traverse.com\/blog\/wp-content\/uploads\/2013\/07\/L1007499-750x499.jpg 750w, https:\/\/www.carnets-de-traverse.com\/blog\/wp-content\/uploads\/2013\/07\/L1007499-450x300.jpg 450w, https:\/\/www.carnets-de-traverse.com\/blog\/wp-content\/uploads\/2013\/07\/L1007499-600x399.jpg 600w, https:\/\/www.carnets-de-traverse.com\/blog\/wp-content\/uploads\/2013\/07\/L1007499.jpg 954w\" sizes=\"(max-width: 750px) 100vw, 750px\" \/><\/p>\n<p>La particularit\u00e9 de celle-ci est que son cr\u00e9ateur,\u00a0le fameux M.\u00a0G\u00fcell, souhaitait cr\u00e9er un ensemble agr\u00e9able, a\u00e9r\u00e9, sain, lumineux&#8230; Ce n&rsquo;\u00e9tait pas par pur altruisme : il avait bien compris que les ouvriers travaillaient mieux s&rsquo;ils \u00e9taient log\u00e9s dans de bonnes conditions.<\/p>\n<p>L&rsquo;ensemble comprend une \u00e9glise moderniste.\u00a0G\u00fcell avait donn\u00e9 carte blanche \u00e0 Gaud\u00ed,\u00a0qui avait de tr\u00e8s (trop ?) grands projets pour cet \u00e9difice. Il y teste pas mal de choses pour son chantier de la\u00a0Sagrada Fam\u00edlia.\u00a0Les fils G\u00fcell voyant l&rsquo;argent partir un peu trop, s&rsquo;opposent au projet : la construction s&rsquo;arr\u00eate net.\u00a0Ce que l&rsquo;on appelle \u00ab\u00a0\u00e9glise\u00a0\u00bb aujourd&rsquo;hui \u00e9tait en fait une crypte. On peut monter sur le toit, marcher sur l&rsquo;ex-futur plancher&#8230;<\/p>\n<p><img loading=\"lazy\" decoding=\"async\" class=\"alignnone size-large wp-image-12591\" src=\"http:\/\/www.carnets-de-traverse.com\/blog\/wp-content\/uploads\/2013\/07\/L1007509-Modifier-750x499.jpg\" alt=\"Eglise de la Col\u00f2nia G\u00fcell\" width=\"750\" height=\"499\" srcset=\"https:\/\/www.carnets-de-traverse.com\/blog\/wp-content\/uploads\/2013\/07\/L1007509-Modifier-750x499.jpg 750w, https:\/\/www.carnets-de-traverse.com\/blog\/wp-content\/uploads\/2013\/07\/L1007509-Modifier-450x300.jpg 450w, https:\/\/www.carnets-de-traverse.com\/blog\/wp-content\/uploads\/2013\/07\/L1007509-Modifier-600x399.jpg 600w, https:\/\/www.carnets-de-traverse.com\/blog\/wp-content\/uploads\/2013\/07\/L1007509-Modifier.jpg 954w\" sizes=\"(max-width: 750px) 100vw, 750px\" \/><\/p>\n<p><img loading=\"lazy\" decoding=\"async\" src=\"http:\/\/www.carnets-de-traverse.com\/blog\/wp-content\/uploads\/2013\/07\/L1007504-750x499.jpg\" alt=\"Eglise de la Col\u00f2nia G\u00fcell\" width=\"750\" height=\"499\" \/><\/p>\n<p>Comme toute \u0153uvre de\u00a0Gaud\u00ed, la colonie et son \u00e9glise sont int\u00e9ressantes \u00e0 visiter. J&rsquo;ai eu un faible pour l&rsquo;histoire de cette \u00e9glise rest\u00e9e \u00e0 jamais inachev\u00e9e&#8230;\u00a0<a title=\"Colonia Guell\" href=\"http:\/\/www.gaudicoloniaguell.org\/en\/your-visit-colonia-guell\" target=\"_blank\" class=\"broken_link\">En savoir plus<\/a><\/p>\n<p>Suggestion : apr\u00e8s la visite, go\u00fbtez un arr\u00f2s cald\u00f3s au homard au restaurant\u00a0<a title=\"El Capritx\" href=\"http:\/\/goo.gl\/3P80YR\" target=\"_blank\" class=\"broken_link\">El Capritx<\/a>.<\/p>\n<h2><span style=\"text-decoration: underline;\">Du c\u00f4t\u00e9 de Tarragone<\/span><\/h2>\n<p>Si vous voulez d\u00e9couvrir Tarragone,\u00a0\u00e0 100 km au sud de Barcelone, <a title=\"Carnet de voyage : road trip en Catalogne (2\/4)\" href=\"http:\/\/www.carnets-de-traverse.com\/blog\/carnet-voyage-road-trip-catalogne-2\">j&rsquo;en parle dans cet article<\/a>. La ville est r\u00e9put\u00e9e pour son patrimoine romain.<\/p>\n<p><iframe src=\"https:\/\/maps.google.fr\/maps\/ms?msa=0&amp;msid=207516143266221599114.0004e2964d2065ccdfd39&amp;ie=UTF8&amp;t=m&amp;ll=41.609282,1.708374&amp;spn=1.334829,2.059937&amp;z=9&amp;output=embed\" width=\"750\" height=\"650\" frameborder=\"0\" marginwidth=\"0\" marginheight=\"0\" scrolling=\"no\"><\/iframe><br \/>\nAfficher <a style=\"color: #0000ff; text-align: left;\" href=\"https:\/\/maps.google.fr\/maps\/ms?msa=0&amp;msid=207516143266221599114.0004e2964d2065ccdfd39&amp;ie=UTF8&amp;t=m&amp;ll=41.609282,1.708374&amp;spn=1.334829,2.059937&amp;z=9&amp;source=embed\" target=\"_blank\">10 choses \u00e0 faire en Catalogne <\/a> sur une carte plus grande<\/p>\n<p>J&rsquo;ai fait un autre voyage depuis, donc vous trouverez plein d&rsquo;autres id\u00e9es et bonnes adresses ici : <a title=\"Catalogne : mon guide de voyage\" href=\"http:\/\/www.carnets-de-traverse.com\/blog\/catalogne-guide-voyage\">mon guide de voyage en Catalogne<\/a> ! Ainsi que des carnets de voyage.<\/p>\n<p>Voil\u00e0 ! J&rsquo;esp\u00e8re que cela vous donnera quelques id\u00e9es pour pr\u00e9parer votre voyage. Oh ! une derni\u00e8re chose : n&rsquo;oubliez pas de go\u00fbter les cat\u00e0nies, typiques de Vilafranca Fameuses ces petites amandes au chocolat ! Mais attention quand on commence, c&rsquo;est difficile d&rsquo;arr\u00eater ;)<\/p>\n<p>N&rsquo;h\u00e9sitez pas \u00e0 ajouter vos endroits pr\u00e9f\u00e9r\u00e9s en Catalogne dans les commentaires !<\/p>\n","protected":false},"excerpt":{"rendered":"<p>Si vous allez du c\u00f4t\u00e9 de Barcelone, vous aurez peut-\u00eatre envie de vous promener dans l&rsquo;arri\u00e8re-pays ?<\/p>\n","protected":false},"author":1,"featured_media":12604,"comment_status":"open","ping_status":"open","sticky":false,"template":"","format":"standard","meta":{"footnotes":""},"categories":[119],"tags":[20,55,21,135,88],"class_list":["post-12327","post","type-post","status-publish","format-standard","has-post-thumbnail","hentry","category-espagne","tag-restaurant","tag-festival","tag-hebergement","tag-nature","tag-randonnee"],"yoast_head":"<!-- This site is optimized with the Yoast SEO Premium plugin v17.9 (Yoast SEO v24.9) - https:\/\/yoast.com\/wordpress\/plugins\/seo\/ -->\n<title>10 choses \u00e0 faire en Catalogne - Espagne - Blog voyage<\/title>\n<meta name=\"description\" content=\"Si vous allez du c\u00f4t\u00e9 de Barcelone, vous aurez peut-\u00eatre envie de d\u00e9couvrir l&#039;arri\u00e8re-pays ? Voici des id\u00e9es pour vos vacances en Catalogne ! - Espagne\" \/>\n<meta name=\"robots\" content=\"index, follow, max-snippet:-1, max-image-preview:large, max-video-preview:-1\" \/>\n<link rel=\"canonical\" href=\"https:\/\/www.carnets-de-traverse.com\/blog\/a-faire-en-catalogne\" \/>\n<meta property=\"og:locale\" content=\"fr_FR\" \/>\n<meta property=\"og:type\" content=\"article\" \/>\n<meta property=\"og:title\" content=\"10 choses \u00e0 faire en Catalogne\" \/>\n<meta property=\"og:description\" content=\"Si vous allez du c\u00f4t\u00e9 de Barcelone, vous aurez peut-\u00eatre envie de d\u00e9couvrir l&#039;arri\u00e8re-pays ? Voici des id\u00e9es pour vos vacances en Catalogne ! - Espagne\" \/>\n<meta property=\"og:url\" content=\"https:\/\/www.carnets-de-traverse.com\/blog\/a-faire-en-catalogne\" \/>\n<meta property=\"og:site_name\" content=\"\u2716 Carnets de traverse\" \/>\n<meta property=\"article:author\" content=\"https:\/\/www.facebook.com\/carnetsdetraverse\" \/>\n<meta property=\"article:published_time\" content=\"2013-07-28T20:15:23+00:00\" \/>\n<meta property=\"article:modified_time\" content=\"2017-10-03T10:51:25+00:00\" \/>\n<meta property=\"og:image\" content=\"https:\/\/www.carnets-de-traverse.com\/blog\/wp-content\/uploads\/2013\/07\/L1007628.jpg\" \/>\n\t<meta property=\"og:image:width\" content=\"954\" \/>\n\t<meta property=\"og:image:height\" content=\"635\" \/>\n\t<meta property=\"og:image:type\" content=\"image\/jpeg\" \/>\n<meta name=\"author\" content=\"Julie\" \/>\n<meta name=\"twitter:card\" content=\"summary_large_image\" \/>\n<meta name=\"twitter:creator\" content=\"@CarnetsTraverse\" \/>\n<meta name=\"twitter:label1\" content=\"\u00c9crit par\" \/>\n\t<meta name=\"twitter:data1\" content=\"Julie\" \/>\n\t<meta name=\"twitter:label2\" content=\"Dur\u00e9e de lecture estim\u00e9e\" \/>\n\t<meta name=\"twitter:data2\" content=\"10 minutes\" \/>\n<script type=\"application\/ld+json\" class=\"yoast-schema-graph\">{\"@context\":\"https:\/\/schema.org\",\"@graph\":[{\"@type\":\"WebPage\",\"@id\":\"https:\/\/www.carnets-de-traverse.com\/blog\/a-faire-en-catalogne\",\"url\":\"https:\/\/www.carnets-de-traverse.com\/blog\/a-faire-en-catalogne\",\"name\":\"10 choses \u00e0 faire en Catalogne - Espagne - Blog voyage\",\"isPartOf\":{\"@id\":\"https:\/\/www.carnets-de-traverse.com\/blog\/#website\"},\"primaryImageOfPage\":{\"@id\":\"https:\/\/www.carnets-de-traverse.com\/blog\/a-faire-en-catalogne#primaryimage\"},\"image\":{\"@id\":\"https:\/\/www.carnets-de-traverse.com\/blog\/a-faire-en-catalogne#primaryimage\"},\"thumbnailUrl\":\"https:\/\/www.carnets-de-traverse.com\/blog\/wp-content\/uploads\/2013\/07\/L1007628.jpg\",\"datePublished\":\"2013-07-28T20:15:23+00:00\",\"dateModified\":\"2017-10-03T10:51:25+00:00\",\"author\":{\"@id\":\"https:\/\/www.carnets-de-traverse.com\/blog\/#\/schema\/person\/ccae62cb1d2c1e55dc732d88750491c4\"},\"description\":\"Si vous allez du c\u00f4t\u00e9 de Barcelone, vous aurez peut-\u00eatre envie de d\u00e9couvrir l'arri\u00e8re-pays ? Voici des id\u00e9es pour vos vacances en Catalogne ! - Espagne\",\"breadcrumb\":{\"@id\":\"https:\/\/www.carnets-de-traverse.com\/blog\/a-faire-en-catalogne#breadcrumb\"},\"inLanguage\":\"fr-FR\",\"potentialAction\":[{\"@type\":\"ReadAction\",\"target\":[\"https:\/\/www.carnets-de-traverse.com\/blog\/a-faire-en-catalogne\"]}]},{\"@type\":\"ImageObject\",\"inLanguage\":\"fr-FR\",\"@id\":\"https:\/\/www.carnets-de-traverse.com\/blog\/a-faire-en-catalogne#primaryimage\",\"url\":\"https:\/\/www.carnets-de-traverse.com\/blog\/wp-content\/uploads\/2013\/07\/L1007628.jpg\",\"contentUrl\":\"https:\/\/www.carnets-de-traverse.com\/blog\/wp-content\/uploads\/2013\/07\/L1007628.jpg\",\"width\":954,\"height\":635,\"caption\":\"Patum de Berga\"},{\"@type\":\"BreadcrumbList\",\"@id\":\"https:\/\/www.carnets-de-traverse.com\/blog\/a-faire-en-catalogne#breadcrumb\",\"itemListElement\":[{\"@type\":\"ListItem\",\"position\":1,\"name\":\"Accueil\",\"item\":\"https:\/\/www.carnets-de-traverse.com\/blog\"},{\"@type\":\"ListItem\",\"position\":2,\"name\":\"10 choses \u00e0 faire en Catalogne\"}]},{\"@type\":\"WebSite\",\"@id\":\"https:\/\/www.carnets-de-traverse.com\/blog\/#website\",\"url\":\"https:\/\/www.carnets-de-traverse.com\/blog\/\",\"name\":\"\u2716 Carnets de traverse\",\"description\":\"Blog voyage, photographie et carnets de voyage\",\"potentialAction\":[{\"@type\":\"SearchAction\",\"target\":{\"@type\":\"EntryPoint\",\"urlTemplate\":\"https:\/\/www.carnets-de-traverse.com\/blog\/?s={search_term_string}\"},\"query-input\":{\"@type\":\"PropertyValueSpecification\",\"valueRequired\":true,\"valueName\":\"search_term_string\"}}],\"inLanguage\":\"fr-FR\"},{\"@type\":\"Person\",\"@id\":\"https:\/\/www.carnets-de-traverse.com\/blog\/#\/schema\/person\/ccae62cb1d2c1e55dc732d88750491c4\",\"name\":\"Julie\",\"image\":{\"@type\":\"ImageObject\",\"inLanguage\":\"fr-FR\",\"@id\":\"https:\/\/www.carnets-de-traverse.com\/blog\/#\/schema\/person\/image\/\",\"url\":\"https:\/\/secure.gravatar.com\/avatar\/473cc339d9b9391f3f7187c6519cb28905b09b5c946ffa4b9f7ccaf17270ac93?s=96&d=mm&r=g\",\"contentUrl\":\"https:\/\/secure.gravatar.com\/avatar\/473cc339d9b9391f3f7187c6519cb28905b09b5c946ffa4b9f7ccaf17270ac93?s=96&d=mm&r=g\",\"caption\":\"Julie\"},\"description\":\"Blog de voyage depuis 2007 \u2014 Renaud &amp; Louise partagent \u00e0 travers Carnets de traverse leurs belles exp\u00e9riences de voyages \u2014 d'inspirants carnets de voyage, de bons conseils pour de magnifiques road trips, des city guides cools et de belles adresses d'h\u00f4tels. Un blog indispensable pour rechercher toute son inspiration voyage !\",\"sameAs\":[\"https:\/\/www.carnets-de-traverse.com\/\",\"https:\/\/www.facebook.com\/carnetsdetraverse\",\"https:\/\/x.com\/CarnetsTraverse\"],\"url\":\"https:\/\/www.carnets-de-traverse.com\/blog\/author\/cdt\"}]}<\/script>\n<!-- \/ Yoast SEO Premium plugin. -->","yoast_head_json":{"title":"10 choses \u00e0 faire en Catalogne - Espagne - Blog voyage","description":"Si vous allez du c\u00f4t\u00e9 de Barcelone, vous aurez peut-\u00eatre envie de d\u00e9couvrir l'arri\u00e8re-pays ? Voici des id\u00e9es pour vos vacances en Catalogne ! - Espagne","robots":{"index":"index","follow":"follow","max-snippet":"max-snippet:-1","max-image-preview":"max-image-preview:large","max-video-preview":"max-video-preview:-1"},"canonical":"https:\/\/www.carnets-de-traverse.com\/blog\/a-faire-en-catalogne","og_locale":"fr_FR","og_type":"article","og_title":"10 choses \u00e0 faire en Catalogne","og_description":"Si vous allez du c\u00f4t\u00e9 de Barcelone, vous aurez peut-\u00eatre envie de d\u00e9couvrir l'arri\u00e8re-pays ? Voici des id\u00e9es pour vos vacances en Catalogne ! - Espagne","og_url":"https:\/\/www.carnets-de-traverse.com\/blog\/a-faire-en-catalogne","og_site_name":"\u2716 Carnets de traverse","article_author":"https:\/\/www.facebook.com\/carnetsdetraverse","article_published_time":"2013-07-28T20:15:23+00:00","article_modified_time":"2017-10-03T10:51:25+00:00","og_image":[{"width":954,"height":635,"url":"https:\/\/www.carnets-de-traverse.com\/blog\/wp-content\/uploads\/2013\/07\/L1007628.jpg","type":"image\/jpeg"}],"author":"Julie","twitter_card":"summary_large_image","twitter_creator":"@CarnetsTraverse","twitter_misc":{"\u00c9crit par":"Julie","Dur\u00e9e de lecture estim\u00e9e":"10 minutes"},"schema":{"@context":"https:\/\/schema.org","@graph":[{"@type":"WebPage","@id":"https:\/\/www.carnets-de-traverse.com\/blog\/a-faire-en-catalogne","url":"https:\/\/www.carnets-de-traverse.com\/blog\/a-faire-en-catalogne","name":"10 choses \u00e0 faire en Catalogne - Espagne - Blog voyage","isPartOf":{"@id":"https:\/\/www.carnets-de-traverse.com\/blog\/#website"},"primaryImageOfPage":{"@id":"https:\/\/www.carnets-de-traverse.com\/blog\/a-faire-en-catalogne#primaryimage"},"image":{"@id":"https:\/\/www.carnets-de-traverse.com\/blog\/a-faire-en-catalogne#primaryimage"},"thumbnailUrl":"https:\/\/www.carnets-de-traverse.com\/blog\/wp-content\/uploads\/2013\/07\/L1007628.jpg","datePublished":"2013-07-28T20:15:23+00:00","dateModified":"2017-10-03T10:51:25+00:00","author":{"@id":"https:\/\/www.carnets-de-traverse.com\/blog\/#\/schema\/person\/ccae62cb1d2c1e55dc732d88750491c4"},"description":"Si vous allez du c\u00f4t\u00e9 de Barcelone, vous aurez peut-\u00eatre envie de d\u00e9couvrir l'arri\u00e8re-pays ? Voici des id\u00e9es pour vos vacances en Catalogne ! - Espagne","breadcrumb":{"@id":"https:\/\/www.carnets-de-traverse.com\/blog\/a-faire-en-catalogne#breadcrumb"},"inLanguage":"fr-FR","potentialAction":[{"@type":"ReadAction","target":["https:\/\/www.carnets-de-traverse.com\/blog\/a-faire-en-catalogne"]}]},{"@type":"ImageObject","inLanguage":"fr-FR","@id":"https:\/\/www.carnets-de-traverse.com\/blog\/a-faire-en-catalogne#primaryimage","url":"https:\/\/www.carnets-de-traverse.com\/blog\/wp-content\/uploads\/2013\/07\/L1007628.jpg","contentUrl":"https:\/\/www.carnets-de-traverse.com\/blog\/wp-content\/uploads\/2013\/07\/L1007628.jpg","width":954,"height":635,"caption":"Patum de Berga"},{"@type":"BreadcrumbList","@id":"https:\/\/www.carnets-de-traverse.com\/blog\/a-faire-en-catalogne#breadcrumb","itemListElement":[{"@type":"ListItem","position":1,"name":"Accueil","item":"https:\/\/www.carnets-de-traverse.com\/blog"},{"@type":"ListItem","position":2,"name":"10 choses \u00e0 faire en Catalogne"}]},{"@type":"WebSite","@id":"https:\/\/www.carnets-de-traverse.com\/blog\/#website","url":"https:\/\/www.carnets-de-traverse.com\/blog\/","name":"\u2716 Carnets de traverse","description":"Blog voyage, photographie et carnets de voyage","potentialAction":[{"@type":"SearchAction","target":{"@type":"EntryPoint","urlTemplate":"https:\/\/www.carnets-de-traverse.com\/blog\/?s={search_term_string}"},"query-input":{"@type":"PropertyValueSpecification","valueRequired":true,"valueName":"search_term_string"}}],"inLanguage":"fr-FR"},{"@type":"Person","@id":"https:\/\/www.carnets-de-traverse.com\/blog\/#\/schema\/person\/ccae62cb1d2c1e55dc732d88750491c4","name":"Julie","image":{"@type":"ImageObject","inLanguage":"fr-FR","@id":"https:\/\/www.carnets-de-traverse.com\/blog\/#\/schema\/person\/image\/","url":"https:\/\/secure.gravatar.com\/avatar\/473cc339d9b9391f3f7187c6519cb28905b09b5c946ffa4b9f7ccaf17270ac93?s=96&d=mm&r=g","contentUrl":"https:\/\/secure.gravatar.com\/avatar\/473cc339d9b9391f3f7187c6519cb28905b09b5c946ffa4b9f7ccaf17270ac93?s=96&d=mm&r=g","caption":"Julie"},"description":"Blog de voyage depuis 2007 \u2014 Renaud &amp; Louise partagent \u00e0 travers Carnets de traverse leurs belles exp\u00e9riences de voyages \u2014 d'inspirants carnets de voyage, de bons conseils pour de magnifiques road trips, des city guides cools et de belles adresses d'h\u00f4tels. Un blog indispensable pour rechercher toute son inspiration voyage !","sameAs":["https:\/\/www.carnets-de-traverse.com\/","https:\/\/www.facebook.com\/carnetsdetraverse","https:\/\/x.com\/CarnetsTraverse"],"url":"https:\/\/www.carnets-de-traverse.com\/blog\/author\/cdt"}]}},"_links":{"self":[{"href":"https:\/\/www.carnets-de-traverse.com\/blog\/wp-json\/wp\/v2\/posts\/12327","targetHints":{"allow":["GET"]}}],"collection":[{"href":"https:\/\/www.carnets-de-traverse.com\/blog\/wp-json\/wp\/v2\/posts"}],"about":[{"href":"https:\/\/www.carnets-de-traverse.com\/blog\/wp-json\/wp\/v2\/types\/post"}],"author":[{"embeddable":true,"href":"https:\/\/www.carnets-de-traverse.com\/blog\/wp-json\/wp\/v2\/users\/1"}],"replies":[{"embeddable":true,"href":"https:\/\/www.carnets-de-traverse.com\/blog\/wp-json\/wp\/v2\/comments?post=12327"}],"version-history":[{"count":0,"href":"https:\/\/www.carnets-de-traverse.com\/blog\/wp-json\/wp\/v2\/posts\/12327\/revisions"}],"wp:featuredmedia":[{"embeddable":true,"href":"https:\/\/www.carnets-de-traverse.com\/blog\/wp-json\/wp\/v2\/media\/12604"}],"wp:attachment":[{"href":"https:\/\/www.carnets-de-traverse.com\/blog\/wp-json\/wp\/v2\/media?parent=12327"}],"wp:term":[{"taxonomy":"category","embeddable":true,"href":"https:\/\/www.carnets-de-traverse.com\/blog\/wp-json\/wp\/v2\/categories?post=12327"},{"taxonomy":"post_tag","embeddable":true,"href":"https:\/\/www.carnets-de-traverse.com\/blog\/wp-json\/wp\/v2\/tags?post=12327"}],"curies":[{"name":"wp","href":"https:\/\/api.w.org\/{rel}","templated":true}]}}