{"id":24534,"date":"2016-12-31T13:25:07","date_gmt":"2016-12-31T12:25:07","guid":{"rendered":"http:\/\/www.carnets-de-traverse.com\/blog\/?p=24534"},"modified":"2019-01-20T18:08:57","modified_gmt":"2019-01-20T17:08:57","slug":"visiter-pyrenees-catalanes-espagne","status":"publish","type":"post","link":"https:\/\/www.carnets-de-traverse.com\/blog\/visiter-pyrenees-catalanes-espagne","title":{"rendered":"Road trip en Catalogne : les plus belles routes et paysages des Pyr\u00e9n\u00e9es !"},"content":{"rendered":"<p><em style=\"font-size: 110%; line-height: 170%;\">Nous avons fait un beau road trip d&rsquo;automne d&rsquo;une semaine dans le Nord de la Catalogne !<\/em><\/p>\n<p><em style=\"font-size: 110%; line-height: 170%;\">La lumi\u00e8re et les couleurs catalanes ont su inspirer les plus grands artistes. Joan Mir\u00f3, Pablo Picasso, Salvador Dal\u00ed, Antoni T\u00e0pies,\u2026 Picasso parle de la Catalogne comme d\u2019une terre \u00abde douces et insolentes beaut\u00e9s\u00bb.<\/em><\/p>\n<p><em style=\"font-size: 110%; line-height: 170%;\">C\u2019est sur ces terres du Nord-Est de l&rsquo;Espagne que nous nous sommes perdus quelques jours, en\u00a0octobre. Partons explorer les Pyr\u00e9n\u00e9es catalanes et ses superbes couleurs d&rsquo;automne <span class=\"_5mfr _47e3\"><span class=\"_7oe\">&#x1f343;<\/span><\/span><span class=\"_5mfr _47e3\"><span class=\"_7oe\">&#x1f342;<\/span><\/span><\/em><\/p>\n<p><em style=\"font-size: 110%; line-height: 170%;\">Routes de montagnes, lacs, for\u00eats, petits villages et jolies adresses&#8230;<\/em><\/p>\n<p>&nbsp;<\/p>\n<p>&nbsp;<\/p>\n<div id=\"attachment_24601\" style=\"width: 560px\" class=\"wp-caption alignnone\"><img fetchpriority=\"high\" decoding=\"async\" aria-describedby=\"caption-attachment-24601\" class=\"size-large wp-image-24601\" style=\"margin-left: -204px;\" src=\"http:\/\/www.carnets-de-traverse.com\/blog\/wp-content\/uploads\/2016\/12\/03-Pyrenees-catalanes-Espagne-Aiguestortes-954x625.jpg\" alt=\"Pyrenees catalanes Espagne - Aiguestortes\" width=\"954\" height=\"625\" srcset=\"https:\/\/www.carnets-de-traverse.com\/blog\/wp-content\/uploads\/2016\/12\/03-Pyrenees-catalanes-Espagne-Aiguestortes-954x625.jpg 954w, https:\/\/www.carnets-de-traverse.com\/blog\/wp-content\/uploads\/2016\/12\/03-Pyrenees-catalanes-Espagne-Aiguestortes-550x360.jpg 550w, https:\/\/www.carnets-de-traverse.com\/blog\/wp-content\/uploads\/2016\/12\/03-Pyrenees-catalanes-Espagne-Aiguestortes-768x503.jpg 768w, https:\/\/www.carnets-de-traverse.com\/blog\/wp-content\/uploads\/2016\/12\/03-Pyrenees-catalanes-Espagne-Aiguestortes-600x393.jpg 600w, https:\/\/www.carnets-de-traverse.com\/blog\/wp-content\/uploads\/2016\/12\/03-Pyrenees-catalanes-Espagne-Aiguestortes.jpg 1908w, https:\/\/www.carnets-de-traverse.com\/blog\/wp-content\/uploads\/2016\/12\/03-Pyrenees-catalanes-Espagne-Aiguestortes-550x360@2x.jpg 1100w, https:\/\/www.carnets-de-traverse.com\/blog\/wp-content\/uploads\/2016\/12\/03-Pyrenees-catalanes-Espagne-Aiguestortes-768x503@2x.jpg 1536w\" sizes=\"(max-width: 954px) 100vw, 954px\" \/><p id=\"caption-attachment-24601\" class=\"wp-caption-text\">NOTE DE VOYAGE \u2014 Le Parc Nacional d&rsquo;Aig\u00fcestortes i Estany de Sant Maurici. La lumi\u00e8re des 16h r\u00e9v\u00e8le des paysages \u00e9l\u00e9gants ; chaque d\u00e9tail, ombre ou couleur offrent la vision d&rsquo;un sublime \u00e9t\u00e9 indien.<\/p><\/div>\n<p>&nbsp;<\/p>\n<p><img decoding=\"async\" class=\"alignnone size-large wp-image-24600\" style=\"margin-left: -204px;\" src=\"http:\/\/www.carnets-de-traverse.com\/blog\/wp-content\/uploads\/2016\/12\/02-Pyrenees-catalanes-Espagne-954x625.jpg\" alt=\"Pyrenees catalanes Espagne - Aiguestortes\" width=\"954\" height=\"625\" srcset=\"https:\/\/www.carnets-de-traverse.com\/blog\/wp-content\/uploads\/2016\/12\/02-Pyrenees-catalanes-Espagne-954x625.jpg 954w, https:\/\/www.carnets-de-traverse.com\/blog\/wp-content\/uploads\/2016\/12\/02-Pyrenees-catalanes-Espagne-550x360.jpg 550w, https:\/\/www.carnets-de-traverse.com\/blog\/wp-content\/uploads\/2016\/12\/02-Pyrenees-catalanes-Espagne-768x503.jpg 768w, https:\/\/www.carnets-de-traverse.com\/blog\/wp-content\/uploads\/2016\/12\/02-Pyrenees-catalanes-Espagne-600x393.jpg 600w, https:\/\/www.carnets-de-traverse.com\/blog\/wp-content\/uploads\/2016\/12\/02-Pyrenees-catalanes-Espagne.jpg 1908w, https:\/\/www.carnets-de-traverse.com\/blog\/wp-content\/uploads\/2016\/12\/02-Pyrenees-catalanes-Espagne-550x360@2x.jpg 1100w, https:\/\/www.carnets-de-traverse.com\/blog\/wp-content\/uploads\/2016\/12\/02-Pyrenees-catalanes-Espagne-768x503@2x.jpg 1536w\" sizes=\"(max-width: 954px) 100vw, 954px\" \/><\/p>\n<div id=\"attachment_24599\" style=\"width: 560px\" class=\"wp-caption alignnone\"><img decoding=\"async\" aria-describedby=\"caption-attachment-24599\" class=\"size-large wp-image-24599\" style=\"margin-left: -204px;\" src=\"http:\/\/www.carnets-de-traverse.com\/blog\/wp-content\/uploads\/2016\/12\/01-Pyrenees-catalanes-Espagne-Aiguestortes-954x714.jpg\" alt=\"Pyrenees catalanes Espagne - Aiguestortes\" width=\"954\" height=\"714\" srcset=\"https:\/\/www.carnets-de-traverse.com\/blog\/wp-content\/uploads\/2016\/12\/01-Pyrenees-catalanes-Espagne-Aiguestortes-954x714.jpg 954w, https:\/\/www.carnets-de-traverse.com\/blog\/wp-content\/uploads\/2016\/12\/01-Pyrenees-catalanes-Espagne-Aiguestortes-550x411.jpg 550w, https:\/\/www.carnets-de-traverse.com\/blog\/wp-content\/uploads\/2016\/12\/01-Pyrenees-catalanes-Espagne-Aiguestortes-768x574.jpg 768w, https:\/\/www.carnets-de-traverse.com\/blog\/wp-content\/uploads\/2016\/12\/01-Pyrenees-catalanes-Espagne-Aiguestortes-600x449.jpg 600w, https:\/\/www.carnets-de-traverse.com\/blog\/wp-content\/uploads\/2016\/12\/01-Pyrenees-catalanes-Espagne-Aiguestortes.jpg 1908w, https:\/\/www.carnets-de-traverse.com\/blog\/wp-content\/uploads\/2016\/12\/01-Pyrenees-catalanes-Espagne-Aiguestortes-550x411@2x.jpg 1100w, https:\/\/www.carnets-de-traverse.com\/blog\/wp-content\/uploads\/2016\/12\/01-Pyrenees-catalanes-Espagne-Aiguestortes-768x574@2x.jpg 1536w\" sizes=\"(max-width: 954px) 100vw, 954px\" \/><p id=\"caption-attachment-24599\" class=\"wp-caption-text\">NOTE DE VOYAGE \u2014 Atmosph\u00e8re de fin de journ\u00e9e. La v\u00e9g\u00e9tation brul\u00e9e d&rsquo;octobre offre un spectacle extraordinaire. Quelques pointes \u00e9carlates viennent \u00e9clairer les cama\u00efeux d&rsquo;ocres sombres. Inoubliable !<\/p><\/div>\n<h2>ROAD TRIP EN CATALOGNE : LA VID\u00c9O !<\/h2>\n<p>On a mont\u00e9 quelques rushs de notre exp\u00e9rience catalane. Une minute d\u2019atmosph\u00e8res, de lumi\u00e8res et de beaux endroits ; un petit \u00ab\u00a0behind the scene\u00a0\u00bb tout \u00e0 la fin, si vous voulez nous voir\u2026 un peu :)<\/p>\n<p>On esp\u00e8re que cela vous plaira !<\/p>\n<p>&nbsp;<\/p>\n<p><iframe style=\"margin-left: -204px; width: 954px;\" src=\"https:\/\/www.facebook.com\/plugins\/video.php?href=https%3A%2F%2Fwww.facebook.com%2Fcarnetsdetraverse%2Fvideos%2F10154074779231547%2F&#038;width=954&#038;show_text=false&#038;appId=1417454725242460&#038;height=537\" width=\"954\" height=\"537\" style=\"border:none;overflow:hidden\" scrolling=\"no\" frameborder=\"0\" allowTransparency=\"true\" allowFullScreen=\"true\"><\/iframe><\/p>\n<h2>1 SEMAINE DANS LES\u00a0PYR\u00c9N\u00c9ES CATALANES :\u00a0LA CARTE<\/h2>\n<p>Un magnifique road trip o\u00f9 la lumi\u00e8re d&rsquo;automne a port\u00e9 notre prise de vue. Des noirs tr\u00e8s denses, un bleu tr\u00e8s singulier, des verts profonds, des tons chauds magnifiques. Une belle exp\u00e9rience de photographie !<\/p>\n<p>&nbsp;<\/p>\n<p><img loading=\"lazy\" decoding=\"async\" class=\"alignnone size-large wp-image-24602\" style=\"margin-left: -204px;\" src=\"http:\/\/www.carnets-de-traverse.com\/blog\/wp-content\/uploads\/2016\/12\/04-Carte-Pyrenees-catalanes-Espagne-954x859.jpg\" alt=\"Carte Catalogne - Espagne\" width=\"954\" height=\"859\" srcset=\"https:\/\/www.carnets-de-traverse.com\/blog\/wp-content\/uploads\/2016\/12\/04-Carte-Pyrenees-catalanes-Espagne-954x859.jpg 954w, https:\/\/www.carnets-de-traverse.com\/blog\/wp-content\/uploads\/2016\/12\/04-Carte-Pyrenees-catalanes-Espagne-550x495.jpg 550w, https:\/\/www.carnets-de-traverse.com\/blog\/wp-content\/uploads\/2016\/12\/04-Carte-Pyrenees-catalanes-Espagne-768x691.jpg 768w, https:\/\/www.carnets-de-traverse.com\/blog\/wp-content\/uploads\/2016\/12\/04-Carte-Pyrenees-catalanes-Espagne-600x540.jpg 600w, https:\/\/www.carnets-de-traverse.com\/blog\/wp-content\/uploads\/2016\/12\/04-Carte-Pyrenees-catalanes-Espagne.jpg 1908w, https:\/\/www.carnets-de-traverse.com\/blog\/wp-content\/uploads\/2016\/12\/04-Carte-Pyrenees-catalanes-Espagne-550x495@2x.jpg 1100w, https:\/\/www.carnets-de-traverse.com\/blog\/wp-content\/uploads\/2016\/12\/04-Carte-Pyrenees-catalanes-Espagne-768x691@2x.jpg 1536w\" sizes=\"(max-width: 954px) 100vw, 954px\" \/><\/p>\n<p><img loading=\"lazy\" decoding=\"async\" class=\"alignnone size-large wp-image-24603\" style=\"margin-left: -204px;\" src=\"http:\/\/www.carnets-de-traverse.com\/blog\/wp-content\/uploads\/2016\/12\/05-Carte-Pyrenees-catalanes-Espagne-954x1046.jpg\" alt=\"Carte Pyrenees catalanes - Catalogne, Espagne\" width=\"954\" height=\"1046\" srcset=\"https:\/\/www.carnets-de-traverse.com\/blog\/wp-content\/uploads\/2016\/12\/05-Carte-Pyrenees-catalanes-Espagne-954x1046.jpg 954w, https:\/\/www.carnets-de-traverse.com\/blog\/wp-content\/uploads\/2016\/12\/05-Carte-Pyrenees-catalanes-Espagne-550x603.jpg 550w, https:\/\/www.carnets-de-traverse.com\/blog\/wp-content\/uploads\/2016\/12\/05-Carte-Pyrenees-catalanes-Espagne-768x842.jpg 768w, https:\/\/www.carnets-de-traverse.com\/blog\/wp-content\/uploads\/2016\/12\/05-Carte-Pyrenees-catalanes-Espagne-600x658.jpg 600w, https:\/\/www.carnets-de-traverse.com\/blog\/wp-content\/uploads\/2016\/12\/05-Carte-Pyrenees-catalanes-Espagne.jpg 1908w, https:\/\/www.carnets-de-traverse.com\/blog\/wp-content\/uploads\/2016\/12\/05-Carte-Pyrenees-catalanes-Espagne-550x603@2x.jpg 1100w, https:\/\/www.carnets-de-traverse.com\/blog\/wp-content\/uploads\/2016\/12\/05-Carte-Pyrenees-catalanes-Espagne-768x842@2x.jpg 1536w\" sizes=\"(max-width: 954px) 100vw, 954px\" \/><\/p>\n<h2>VISITER LES PYR\u00c9N\u00c9ES CATALANES<\/h2>\n<p>On vous livre nos coups de c\u0153ur dans les Pyr\u00e9n\u00e9es catalanes, c\u00f4t\u00e9 Espagne donc !<\/p>\n<h2>Le superbe Parc National d&rsquo;Aiguestortes et ses lacs !<\/h2>\n<p>Uns de nos endroits pr\u00e9f\u00e9r\u00e9s dans les Pyr\u00e9n\u00e9es catalanes, car tout simplement superbe.<\/p>\n<p>Le Parc Nacional d&rsquo;Aig\u00fcestortes i Estany de Sant Maurici accueille le voyageur par quelques chemins discrets et de sublimes for\u00eats automnales.<\/p>\n<p>On y acc\u00e8de \u00e0 pied ou par \u00abtaxis-locaux\u00bb, \u00e0 heure fixe, afin d\u2019\u00e9viter l\u2019invasion automobile. Au bout du chemin : les lacs de Llong et de Llebreta ainsi que le superbe Planell d\u2019Aig\u00fcestortes. C&rsquo;est ce qu&rsquo;on a fait et c&rsquo;\u00e9tait tr\u00e8s cool !<\/p>\n<p>Les voitures partent du village de la place du Treio de Boi\u0301, petit village non loin du Parc.<\/p>\n<p>Il y a deux entr\u00e9es possibles au Parc National d&rsquo;Aiguestortes : Espot (Pallars Sobir\u00e0), c\u00f4t\u00e9 Est, et Bo\u00ed (Alta Ribagor\u00e7a) c\u00f4t\u00e9 Ouest. Dans ces deux villages, on trouve\u00a0des centres d&rsquo;accueil, infos, services basiques\u00a0et transport.<\/p>\n<p>Si vous voulez voir le lac Saint Maurice, sachez qu&rsquo;il faut plut\u00f4t viser l&rsquo;entr\u00e9e Est par Espot ! Du c\u00f4t\u00e9 de Boi,\u00a0c&rsquo;est possible aussi mais c&rsquo;est une longue rando (on nous a dit 4 ou 5 heures). Du coup, on l&rsquo;a rat\u00e9 mais avec regret parce qu&rsquo;il a l&rsquo;air super beau !!<\/p>\n<p>Le parcours classique c\u00f4t\u00e9 Ouest (par Boi) est la visite du plateau d&rsquo;Aiguestortes et du lac Llong.<br \/>\nTemps total : 2h30<br \/>\nD\u00e9nivel\u00e9 : 290 m\u00e8tres<br \/>\nSi vous voulez, vous pouvez zapper la partie en voiture \u00e0 partir du tremplin de la Molina mais il faut alors compter 2\u00a0heures de plus de marche.<\/p>\n<p>Retrouvez <a href=\"http:\/\/www.lleidatur.com\/Tourisme\/Visite\/Le-Parc-National-dAiguestortes-et-Estany-de-Sant-Maurici\/343.aspx\" target=\"_blank\" class=\"broken_link\">d&rsquo;autres randos possibles ici<\/a>\u00a0ou <a href=\"http:\/\/www.randopyrenees.fr\/randos\/parc-national-d-aiguestortes-et-lac-saint-maurice\" target=\"_blank\">encore ici<\/a>.<\/p>\n<p>&nbsp;<\/p>\n<div id=\"attachment_24604\" style=\"width: 560px\" class=\"wp-caption alignnone\"><img loading=\"lazy\" decoding=\"async\" aria-describedby=\"caption-attachment-24604\" class=\"size-large wp-image-24604\" style=\"margin-left: -204px;\" src=\"http:\/\/www.carnets-de-traverse.com\/blog\/wp-content\/uploads\/2016\/12\/06-Pyrenees-catalanes-Espagne-Aiguestortes-954x713.jpg\" alt=\"Pyrenees catalanes, Espagne - Aiguestortes\" width=\"954\" height=\"713\" srcset=\"https:\/\/www.carnets-de-traverse.com\/blog\/wp-content\/uploads\/2016\/12\/06-Pyrenees-catalanes-Espagne-Aiguestortes-954x713.jpg 954w, https:\/\/www.carnets-de-traverse.com\/blog\/wp-content\/uploads\/2016\/12\/06-Pyrenees-catalanes-Espagne-Aiguestortes-550x411.jpg 550w, https:\/\/www.carnets-de-traverse.com\/blog\/wp-content\/uploads\/2016\/12\/06-Pyrenees-catalanes-Espagne-Aiguestortes-768x574.jpg 768w, https:\/\/www.carnets-de-traverse.com\/blog\/wp-content\/uploads\/2016\/12\/06-Pyrenees-catalanes-Espagne-Aiguestortes-600x448.jpg 600w, https:\/\/www.carnets-de-traverse.com\/blog\/wp-content\/uploads\/2016\/12\/06-Pyrenees-catalanes-Espagne-Aiguestortes.jpg 1908w, https:\/\/www.carnets-de-traverse.com\/blog\/wp-content\/uploads\/2016\/12\/06-Pyrenees-catalanes-Espagne-Aiguestortes-550x411@2x.jpg 1100w, https:\/\/www.carnets-de-traverse.com\/blog\/wp-content\/uploads\/2016\/12\/06-Pyrenees-catalanes-Espagne-Aiguestortes-768x574@2x.jpg 1536w\" sizes=\"(max-width: 954px) 100vw, 954px\" \/><p id=\"caption-attachment-24604\" class=\"wp-caption-text\">NOTE DE VOYAGE \u2014 Le Parc Nacional d&rsquo;Aig\u00fcestortes i Estany de Sant Maurici est une belle surprise. Quelques chemins de poussi\u00e8re blanche explorent les vall\u00e9es du parc ; espaces naturels pr\u00e9serv\u00e9s, peu visit\u00e9s \u00e0 cette saison !<\/p><\/div>\n<p>&nbsp;<\/p>\n<p><img loading=\"lazy\" decoding=\"async\" class=\"alignnone size-large wp-image-24605\" style=\"margin-left: -204px;\" src=\"http:\/\/www.carnets-de-traverse.com\/blog\/wp-content\/uploads\/2016\/12\/07-Pyrenees-catalanes-Espagne-Aiguestortes-954x625.jpg\" alt=\"Pyrenees catalanes, Espagne - Aiguestortes\" width=\"954\" height=\"625\" srcset=\"https:\/\/www.carnets-de-traverse.com\/blog\/wp-content\/uploads\/2016\/12\/07-Pyrenees-catalanes-Espagne-Aiguestortes-954x625.jpg 954w, https:\/\/www.carnets-de-traverse.com\/blog\/wp-content\/uploads\/2016\/12\/07-Pyrenees-catalanes-Espagne-Aiguestortes-550x360.jpg 550w, https:\/\/www.carnets-de-traverse.com\/blog\/wp-content\/uploads\/2016\/12\/07-Pyrenees-catalanes-Espagne-Aiguestortes-768x503.jpg 768w, https:\/\/www.carnets-de-traverse.com\/blog\/wp-content\/uploads\/2016\/12\/07-Pyrenees-catalanes-Espagne-Aiguestortes-600x393.jpg 600w, https:\/\/www.carnets-de-traverse.com\/blog\/wp-content\/uploads\/2016\/12\/07-Pyrenees-catalanes-Espagne-Aiguestortes.jpg 1908w, https:\/\/www.carnets-de-traverse.com\/blog\/wp-content\/uploads\/2016\/12\/07-Pyrenees-catalanes-Espagne-Aiguestortes-550x360@2x.jpg 1100w, https:\/\/www.carnets-de-traverse.com\/blog\/wp-content\/uploads\/2016\/12\/07-Pyrenees-catalanes-Espagne-Aiguestortes-768x503@2x.jpg 1536w\" sizes=\"(max-width: 954px) 100vw, 954px\" \/><\/p>\n<div id=\"attachment_24606\" style=\"width: 560px\" class=\"wp-caption alignnone\"><img loading=\"lazy\" decoding=\"async\" aria-describedby=\"caption-attachment-24606\" class=\"size-large wp-image-24606\" style=\"margin-left: -204px;\" src=\"http:\/\/www.carnets-de-traverse.com\/blog\/wp-content\/uploads\/2016\/12\/08-Pyrenees-catalanes-Espagne-Aiguestortes-954x625.jpg\" alt=\"Pyrenees catalanes, Espagne - Aiguestortes\" width=\"954\" height=\"625\" srcset=\"https:\/\/www.carnets-de-traverse.com\/blog\/wp-content\/uploads\/2016\/12\/08-Pyrenees-catalanes-Espagne-Aiguestortes-954x625.jpg 954w, https:\/\/www.carnets-de-traverse.com\/blog\/wp-content\/uploads\/2016\/12\/08-Pyrenees-catalanes-Espagne-Aiguestortes-550x360.jpg 550w, https:\/\/www.carnets-de-traverse.com\/blog\/wp-content\/uploads\/2016\/12\/08-Pyrenees-catalanes-Espagne-Aiguestortes-768x503.jpg 768w, https:\/\/www.carnets-de-traverse.com\/blog\/wp-content\/uploads\/2016\/12\/08-Pyrenees-catalanes-Espagne-Aiguestortes-600x393.jpg 600w, https:\/\/www.carnets-de-traverse.com\/blog\/wp-content\/uploads\/2016\/12\/08-Pyrenees-catalanes-Espagne-Aiguestortes.jpg 1908w, https:\/\/www.carnets-de-traverse.com\/blog\/wp-content\/uploads\/2016\/12\/08-Pyrenees-catalanes-Espagne-Aiguestortes-550x360@2x.jpg 1100w, https:\/\/www.carnets-de-traverse.com\/blog\/wp-content\/uploads\/2016\/12\/08-Pyrenees-catalanes-Espagne-Aiguestortes-768x503@2x.jpg 1536w\" sizes=\"(max-width: 954px) 100vw, 954px\" \/><p id=\"caption-attachment-24606\" class=\"wp-caption-text\">NOTE DE VOYAGE \u2014 Au loin : l&rsquo;Estany de la Llebreta. La transparence du petit lac a disparu en un instant, le vent agitant sa surface par ruades.<\/p><\/div>\n<p>&nbsp;<\/p>\n<div id=\"attachment_24607\" style=\"width: 560px\" class=\"wp-caption alignnone\"><img loading=\"lazy\" decoding=\"async\" aria-describedby=\"caption-attachment-24607\" class=\"size-large wp-image-24607\" style=\"margin-left: -204px;\" src=\"http:\/\/www.carnets-de-traverse.com\/blog\/wp-content\/uploads\/2016\/12\/09-Pyrenees-catalanes-Espagne-Aiguestortes-954x713.jpg\" alt=\"Pyrenees catalanes, Espagne - Aiguestortes\" width=\"954\" height=\"713\" srcset=\"https:\/\/www.carnets-de-traverse.com\/blog\/wp-content\/uploads\/2016\/12\/09-Pyrenees-catalanes-Espagne-Aiguestortes-954x713.jpg 954w, https:\/\/www.carnets-de-traverse.com\/blog\/wp-content\/uploads\/2016\/12\/09-Pyrenees-catalanes-Espagne-Aiguestortes-550x411.jpg 550w, https:\/\/www.carnets-de-traverse.com\/blog\/wp-content\/uploads\/2016\/12\/09-Pyrenees-catalanes-Espagne-Aiguestortes-768x574.jpg 768w, https:\/\/www.carnets-de-traverse.com\/blog\/wp-content\/uploads\/2016\/12\/09-Pyrenees-catalanes-Espagne-Aiguestortes-600x448.jpg 600w, https:\/\/www.carnets-de-traverse.com\/blog\/wp-content\/uploads\/2016\/12\/09-Pyrenees-catalanes-Espagne-Aiguestortes.jpg 1908w, https:\/\/www.carnets-de-traverse.com\/blog\/wp-content\/uploads\/2016\/12\/09-Pyrenees-catalanes-Espagne-Aiguestortes-550x411@2x.jpg 1100w, https:\/\/www.carnets-de-traverse.com\/blog\/wp-content\/uploads\/2016\/12\/09-Pyrenees-catalanes-Espagne-Aiguestortes-768x574@2x.jpg 1536w\" sizes=\"(max-width: 954px) 100vw, 954px\" \/><p id=\"caption-attachment-24607\" class=\"wp-caption-text\">NOTE DE VOYAGE \u2014 Quelques chutes d&rsquo;eau se font entendre le long de la route. Le Riu de Sant Nicolau est gonfl\u00e9 des quelques orages des derniers jours.\u00a0Esprit nord am\u00e9ricain sur ces pentes catalanes \u2014 la lumi\u00e8re des 16 heures installe de belles ombres bleut\u00e9es. Une vingtaine de degr\u00e9s dans l\u2019air. Nous marchons et touchons tout autour de nous. Nos pas sont lents, notre allure un peu d\u00e9sinvolte, riant de tout et rien, attis\u00e9s par la douceur du moment.<\/p><\/div>\n<p>&nbsp;<\/p>\n<p><img loading=\"lazy\" decoding=\"async\" class=\"alignnone size-large wp-image-24608\" style=\"margin-left: -204px;\" src=\"http:\/\/www.carnets-de-traverse.com\/blog\/wp-content\/uploads\/2016\/12\/10-Pyrenees-catalanes-Espagne-Aiguestortes-954x625.jpg\" alt=\"Pyrenees catalanes, Espagne - Aiguestortes\" width=\"954\" height=\"625\" srcset=\"https:\/\/www.carnets-de-traverse.com\/blog\/wp-content\/uploads\/2016\/12\/10-Pyrenees-catalanes-Espagne-Aiguestortes-954x625.jpg 954w, https:\/\/www.carnets-de-traverse.com\/blog\/wp-content\/uploads\/2016\/12\/10-Pyrenees-catalanes-Espagne-Aiguestortes-550x360.jpg 550w, https:\/\/www.carnets-de-traverse.com\/blog\/wp-content\/uploads\/2016\/12\/10-Pyrenees-catalanes-Espagne-Aiguestortes-768x503.jpg 768w, https:\/\/www.carnets-de-traverse.com\/blog\/wp-content\/uploads\/2016\/12\/10-Pyrenees-catalanes-Espagne-Aiguestortes-600x393.jpg 600w, https:\/\/www.carnets-de-traverse.com\/blog\/wp-content\/uploads\/2016\/12\/10-Pyrenees-catalanes-Espagne-Aiguestortes.jpg 1908w, https:\/\/www.carnets-de-traverse.com\/blog\/wp-content\/uploads\/2016\/12\/10-Pyrenees-catalanes-Espagne-Aiguestortes-550x360@2x.jpg 1100w, https:\/\/www.carnets-de-traverse.com\/blog\/wp-content\/uploads\/2016\/12\/10-Pyrenees-catalanes-Espagne-Aiguestortes-768x503@2x.jpg 1536w\" sizes=\"(max-width: 954px) 100vw, 954px\" \/><\/p>\n<h2>Le Vall de Boi, \u00e9glises romanes et petits villages<\/h2>\n<p>La Vall de Bo\u00ed [prononcez \u00abBoui\u00bb] et son sublime patrimoine roman du XI\u00e8me si\u00e8cle. \u00abBoring!\u00bb nous direz-vous ? D\u00e9finitivement non ! L\u2019esth\u00e9tique des 9 \u00e9glises de la vall\u00e9e est tout simplement sublime ; des assemblages architecturaux \u00e0 la fois modestes et d\u2019une grande sophistication visuelle ; toutes class\u00e9es \u00e0 l\u2019UNESCO en 2000.<\/p>\n<p>Les mat\u00e9riaux ext\u00e9rieurs font \u00e9chos aux tonalit\u00e9s de la vall\u00e9e : la pierre ajust\u00e9e, les toits d\u2019ardoise, les arcatures lombardes.<\/p>\n<p>Nous avons \u00e9t\u00e9 tr\u00e8s impressionn\u00e9s par une exp\u00e9rience de vid\u00e9o-mapping \u00e0 l\u2019int\u00e9rieur de l&rsquo;\u00c9glise Sant Climent de Ta\u00fcll. 9min30 de projection in situ durant laquelle la vid\u00e9o habille et \u00abrestaure\u00bb les fresques effac\u00e9es du C\u0153ur. Bluffant ! Pour ceux que cela int\u00e9resse, vous pouvez consulter cette exp\u00e9rience visuelle <a href=\"https:\/\/vimeo.com\/87102885\" target=\"_blank\">en vid\u00e9o ici<\/a>.<\/p>\n<p>Voici une s\u00e9lection d&rsquo;\u00e9glises\u00a0:<\/p>\n<ul>\n<li>Sant Climent de Tau\u0308ll,\u00a0avec la belle projection de vid\u00e9o-mapping (toutes les heures)<\/li>\n<li>Santa Maria de Tau\u0308ll (acc\u00e8s gratuit)<\/li>\n<li>Santa Eula\u0300lia d\u2019Erill la Vall, en face de laquelle <a href=\"http:\/\/www.booking.com\/hotel\/es\/hostal-l-aut.fr.html?aid=388385\" target=\"_blank\">on a dormi<\/a> :)<\/li>\n<li>Sant Joan de Boi\u0301, qui est dans le village de d\u00e9part pour le Parc National d&rsquo;Aiguestortes<\/li>\n<li>Sant Quirc de Durro, connue pour le panorama<\/li>\n<\/ul>\n<p>C&rsquo;est environ 5\u20ac l&rsquo;entr\u00e9e et il existe des billets combin\u00e9s\u00a0: voir les <a href=\"http:\/\/www.centreromanic.com\/fr\/horaires-et-tickets\" target=\"_blank\">horaires et tarifs<\/a>.\u00a0Attention elles ne sont pas toutes ouvertes toute l&rsquo;ann\u00e9e.<\/p>\n<p>Pour dormir dans la vall\u00e9e, on a bien aim\u00e9 <a href=\"http:\/\/www.booking.com\/hotel\/es\/hostal-l-aut.fr.html?aid=388385\" target=\"_blank\">le petit h\u00f4tel L&rsquo;A\u00fbt<\/a> \u00e0 Erill la Vall. Simple et sans chichi, mais ambiance familiale sympa. Dans une grande maison en pierres, bien situ\u00e9e, dans un tout petit village en face d&rsquo;une des jolies \u00e9glises romanes !<\/p>\n<p>&nbsp;<\/p>\n<div id=\"attachment_24609\" style=\"width: 560px\" class=\"wp-caption alignnone\"><img loading=\"lazy\" decoding=\"async\" aria-describedby=\"caption-attachment-24609\" class=\"size-large wp-image-24609\" style=\"margin-left: -204px;\" src=\"http:\/\/www.carnets-de-traverse.com\/blog\/wp-content\/uploads\/2016\/12\/11-Pyrenees-catalanes-Espagne-Vall-de-Boi-954x625.jpg\" alt=\"Pyrenees catalanes, Espagne - Vall de Boi\" width=\"954\" height=\"625\" srcset=\"https:\/\/www.carnets-de-traverse.com\/blog\/wp-content\/uploads\/2016\/12\/11-Pyrenees-catalanes-Espagne-Vall-de-Boi-954x625.jpg 954w, https:\/\/www.carnets-de-traverse.com\/blog\/wp-content\/uploads\/2016\/12\/11-Pyrenees-catalanes-Espagne-Vall-de-Boi-550x360.jpg 550w, https:\/\/www.carnets-de-traverse.com\/blog\/wp-content\/uploads\/2016\/12\/11-Pyrenees-catalanes-Espagne-Vall-de-Boi-768x503.jpg 768w, https:\/\/www.carnets-de-traverse.com\/blog\/wp-content\/uploads\/2016\/12\/11-Pyrenees-catalanes-Espagne-Vall-de-Boi-600x393.jpg 600w, https:\/\/www.carnets-de-traverse.com\/blog\/wp-content\/uploads\/2016\/12\/11-Pyrenees-catalanes-Espagne-Vall-de-Boi.jpg 1908w, https:\/\/www.carnets-de-traverse.com\/blog\/wp-content\/uploads\/2016\/12\/11-Pyrenees-catalanes-Espagne-Vall-de-Boi-550x360@2x.jpg 1100w, https:\/\/www.carnets-de-traverse.com\/blog\/wp-content\/uploads\/2016\/12\/11-Pyrenees-catalanes-Espagne-Vall-de-Boi-768x503@2x.jpg 1536w\" sizes=\"(max-width: 954px) 100vw, 954px\" \/><p id=\"caption-attachment-24609\" class=\"wp-caption-text\">NOTE DE VOYAGE \u2014 Architecture remarquable, \u00e9l\u00e9gance des proportions. Les pleins et les vides des \u00e9glises romanes de la Vall de Boi dialoguent avec le panorama des alentours. Vision puissante de la Catalogne.<\/p><\/div>\n<p>&nbsp;<\/p>\n<div id=\"attachment_24610\" style=\"width: 560px\" class=\"wp-caption alignnone\"><img loading=\"lazy\" decoding=\"async\" aria-describedby=\"caption-attachment-24610\" class=\"size-large wp-image-24610\" style=\"margin-left: -204px;\" src=\"http:\/\/www.carnets-de-traverse.com\/blog\/wp-content\/uploads\/2016\/12\/12-Pyrenees-catalanes-Espagne-Vall-de-Boi-954x625.jpg\" alt=\"Pyrenees catalanes, Espagne - Vall de Boi\" width=\"954\" height=\"625\" srcset=\"https:\/\/www.carnets-de-traverse.com\/blog\/wp-content\/uploads\/2016\/12\/12-Pyrenees-catalanes-Espagne-Vall-de-Boi-954x625.jpg 954w, https:\/\/www.carnets-de-traverse.com\/blog\/wp-content\/uploads\/2016\/12\/12-Pyrenees-catalanes-Espagne-Vall-de-Boi-550x360.jpg 550w, https:\/\/www.carnets-de-traverse.com\/blog\/wp-content\/uploads\/2016\/12\/12-Pyrenees-catalanes-Espagne-Vall-de-Boi-768x503.jpg 768w, https:\/\/www.carnets-de-traverse.com\/blog\/wp-content\/uploads\/2016\/12\/12-Pyrenees-catalanes-Espagne-Vall-de-Boi-600x393.jpg 600w, https:\/\/www.carnets-de-traverse.com\/blog\/wp-content\/uploads\/2016\/12\/12-Pyrenees-catalanes-Espagne-Vall-de-Boi.jpg 1908w, https:\/\/www.carnets-de-traverse.com\/blog\/wp-content\/uploads\/2016\/12\/12-Pyrenees-catalanes-Espagne-Vall-de-Boi-550x360@2x.jpg 1100w, https:\/\/www.carnets-de-traverse.com\/blog\/wp-content\/uploads\/2016\/12\/12-Pyrenees-catalanes-Espagne-Vall-de-Boi-768x503@2x.jpg 1536w\" sizes=\"(max-width: 954px) 100vw, 954px\" \/><p id=\"caption-attachment-24610\" class=\"wp-caption-text\">NOTE DE VOYAGE \u2014 L&rsquo;int\u00e9rieur de l&rsquo;\u00e9glise Sant Climent de Ta\u00fcll est d\u00e9pouill\u00e9e de ses fresques. Quelques reliquats de couleurs et de formes permettent d&rsquo;imaginer les chefs-d&rsquo;\u0153uvre du pass\u00e9. La mapping vid\u00e9o permet par projection, de revoir la splendeur des couleurs et des formes ! Merveilleux !<\/p><\/div>\n<h2>Rando et\u00a0glamping dans la Serra de Boumort<\/h2>\n<p>Autre coup de c\u0153ur des Pyr\u00e9n\u00e9es catalanes !<\/p>\n<p>Nous partons avec un guide de <a href=\"http:\/\/www.outdooradventour.com\" target=\"_blank\">Outdoor Adventour<\/a> en 4&#215;4 dans la r\u00e9serve de Boumort.\u00a0Ces montagnes et vall\u00e9es sont priv\u00e9es, on ne peut donc pas y acc\u00e9der sans autorisation !<\/p>\n<p>Le d\u00e9but se fait donc en 4&#215;4, puis c&rsquo;est rando tout en descente. Deux tr\u00e9sors se cachent dans la\u00a0vall\u00e9e en contrebas : les villages abandonn\u00e9s d&rsquo;Espluga et\u00a0de Solduga. Ce sont d&rsquo;anciens villages troglodytes. Les maisons sont litt\u00e9ralement accroch\u00e9es \u00e0 flanc de falaise ! C&rsquo;est impressionnant, surtout dans le deuxi\u00e8me village (Solduga) !<\/p>\n<p>Impressionnant de se dire qu&rsquo;une famille vivait l\u00e0 en autarcie compl\u00e8te jusqu&rsquo;au d\u00e9but du si\u00e8cle ! Et on nous a dit qu&rsquo;ils vivaient d&rsquo;ailleurs tr\u00e8s bien, en cultivant les terres (escarp\u00e9es !!) alentours.<\/p>\n<p>On se sent hyper privil\u00e9gi\u00e9s de pouvoir voir \u00e7a et visiter ces villages, car ils ne sont pas accessibles au public&#8230; Et notre guide, Jordi, nous explique plein d&rsquo;anecdotes qu&rsquo;ils ont r\u00e9colt\u00e9es gr\u00e2ce \u00e0 un ancien qui est encore vivant et qui a connu ces villages au temps o\u00f9 ils \u00e9taient habit\u00e9s\u00a0! Magique.<\/p>\n<p>La rando est d&rsquo;une difficult\u00e9 moyenne, tout en descente (ce qui est faussement simple pour les genoux) et d&rsquo;une dur\u00e9e de 4 heures. Bien s\u00fbr cela d\u00e9pend de votre vitesse, on a pris notre temps et pas mal de photos dans les villages.<\/p>\n<p>Le soir, apr\u00e8s la visite de Solduga, on rejoint notre campement \u00e0 environ 1 heure. Le camp est tout bien install\u00e9 en bas de la vall\u00e9e. Nos guides nous pr\u00e9parent \u00e0 manger et tout :) en pleine nature, la classe :) Vraiment une exp\u00e9rience cool. \u00c0 l&rsquo;int\u00e9rieur des tentes, on dort sur des lits de camp. C&rsquo;est bien s\u00fbr assez simple. Il y a des toilettes, mais pas de douches :)<\/p>\n<p>Le lendemain, ptit d\u00e8j dans la nature (priceless) et retour au village&#8230; en tyrolienne pour traverser la rivi\u00e8re ! Tr\u00e8s tr\u00e8s sympa.<\/p>\n<p>Cette visite est une visite qu&rsquo;Outdoor Adventour lance cette ann\u00e9e, donc elle n&rsquo;est pas forc\u00e9ment encore sur leur site, mais n&rsquo;h\u00e9sitez pas \u00e0 leur demander. De toutes fa\u00e7ons ils s&rsquo;adaptent et font plein de choses sur mesure. Sachez qu&rsquo;ils proposent de coupler cette rando\u00a0\u00e0 du canyoning, faisable juste \u00e0 c\u00f4t\u00e9 !<\/p>\n<p>&nbsp;<\/p>\n<div id=\"attachment_24666\" style=\"width: 560px\" class=\"wp-caption alignnone\"><img loading=\"lazy\" decoding=\"async\" aria-describedby=\"caption-attachment-24666\" src=\"http:\/\/www.carnets-de-traverse.com\/blog\/wp-content\/uploads\/2016\/12\/13-Pyrenees-catalanes-Espagne-Serra-Boumort-1-754x1144.jpg\" style=\"margin-left: -104px;\" alt=\"Pyrenees catalanes, Espagne - Serra de Boumort\" width=\"754\" height=\"1144\" class=\"size-large wp-image-24666\" srcset=\"https:\/\/www.carnets-de-traverse.com\/blog\/wp-content\/uploads\/2016\/12\/13-Pyrenees-catalanes-Espagne-Serra-Boumort-1-754x1144.jpg 754w, https:\/\/www.carnets-de-traverse.com\/blog\/wp-content\/uploads\/2016\/12\/13-Pyrenees-catalanes-Espagne-Serra-Boumort-1-550x834.jpg 550w, https:\/\/www.carnets-de-traverse.com\/blog\/wp-content\/uploads\/2016\/12\/13-Pyrenees-catalanes-Espagne-Serra-Boumort-1-768x1165.jpg 768w, https:\/\/www.carnets-de-traverse.com\/blog\/wp-content\/uploads\/2016\/12\/13-Pyrenees-catalanes-Espagne-Serra-Boumort-1-600x910.jpg 600w, https:\/\/www.carnets-de-traverse.com\/blog\/wp-content\/uploads\/2016\/12\/13-Pyrenees-catalanes-Espagne-Serra-Boumort-1.jpg 1508w, https:\/\/www.carnets-de-traverse.com\/blog\/wp-content\/uploads\/2016\/12\/13-Pyrenees-catalanes-Espagne-Serra-Boumort-1-550x834@2x.jpg 1100w\" sizes=\"(max-width: 754px) 100vw, 754px\" \/><p id=\"caption-attachment-24666\" class=\"wp-caption-text\">NOTE DE VOYAGE \u2014 Du haut de leurs vingt bons m\u00e8tres, quelques pins d\u2019Alep scrutent la Serra de Boumort. Figures catalanes sombres, \u00e0 l\u2019inspiration chinoise, perdues dans les hautes tours de rocs. D\u00e9solation harmonieuse et chemins odieux au travers des pentes ; la pr\u00e9sence de l\u2019homme est \u00e0 pr\u00e9sent bien loin de notre regard. Le paysage est le m\u00eame qu\u2019il y a dix mille ans. Beaut\u00e9 s\u00e9v\u00e8re en terre de Catalogne.<\/p><\/div>\n<p>&nbsp;<\/p>\n<div id=\"attachment_24612\" style=\"width: 560px\" class=\"wp-caption alignnone\"><img loading=\"lazy\" decoding=\"async\" aria-describedby=\"caption-attachment-24612\" class=\"size-large wp-image-24612\" style=\"margin-left: -204px;\" src=\"http:\/\/www.carnets-de-traverse.com\/blog\/wp-content\/uploads\/2016\/12\/14-Pyrenees-catalanes-Espagne-Serra-Boumort-954x715.jpg\" alt=\"Pyrenees catalanes, Espagne - Serra de Boumort\" width=\"954\" height=\"715\" srcset=\"https:\/\/www.carnets-de-traverse.com\/blog\/wp-content\/uploads\/2016\/12\/14-Pyrenees-catalanes-Espagne-Serra-Boumort-954x715.jpg 954w, https:\/\/www.carnets-de-traverse.com\/blog\/wp-content\/uploads\/2016\/12\/14-Pyrenees-catalanes-Espagne-Serra-Boumort-550x412.jpg 550w, https:\/\/www.carnets-de-traverse.com\/blog\/wp-content\/uploads\/2016\/12\/14-Pyrenees-catalanes-Espagne-Serra-Boumort-768x576.jpg 768w, https:\/\/www.carnets-de-traverse.com\/blog\/wp-content\/uploads\/2016\/12\/14-Pyrenees-catalanes-Espagne-Serra-Boumort-600x450.jpg 600w, https:\/\/www.carnets-de-traverse.com\/blog\/wp-content\/uploads\/2016\/12\/14-Pyrenees-catalanes-Espagne-Serra-Boumort.jpg 1908w, https:\/\/www.carnets-de-traverse.com\/blog\/wp-content\/uploads\/2016\/12\/14-Pyrenees-catalanes-Espagne-Serra-Boumort-550x412@2x.jpg 1100w, https:\/\/www.carnets-de-traverse.com\/blog\/wp-content\/uploads\/2016\/12\/14-Pyrenees-catalanes-Espagne-Serra-Boumort-768x576@2x.jpg 1536w\" sizes=\"(max-width: 954px) 100vw, 954px\" \/><p id=\"caption-attachment-24612\" class=\"wp-caption-text\">NOTE DE VOYAGE \u2014 Les chemins pi\u00e9geux de la Serra ne se pratiquent qu&rsquo;en 4&#215;4 \u2014 les passages ne sont jamais trop loin du vide. L&rsquo;erreur d&rsquo;inattention se paye cher par ici. L&rsquo;exploration des habitats troglodytes n&rsquo;est pas chose ais\u00e9e. Atteindre les maisons log\u00e9es dans les asp\u00e9rit\u00e9s naturelles peut prendre 3 \u00e0 4h de marche. A noter qu&rsquo;un accompagnement est obligatoire pour ces randonn\u00e9es (contacter Outdoor Adventour qui vous guidera \u00e0 travers ces grands paysages catalans).<\/p><\/div>\n<p>&nbsp;<\/p>\n<div id=\"attachment_24613\" style=\"width: 560px\" class=\"wp-caption alignnone\"><img loading=\"lazy\" decoding=\"async\" aria-describedby=\"caption-attachment-24613\" class=\"size-large wp-image-24613\" style=\"margin-left: -204px;\" src=\"http:\/\/www.carnets-de-traverse.com\/blog\/wp-content\/uploads\/2016\/12\/15-Pyrenees-catalanes-Espagne-Serra-Boumort-954x348.jpg\" alt=\"Pyrenees catalanes, Espagne - Serra de Boumort\" width=\"954\" height=\"348\" srcset=\"https:\/\/www.carnets-de-traverse.com\/blog\/wp-content\/uploads\/2016\/12\/15-Pyrenees-catalanes-Espagne-Serra-Boumort-954x348.jpg 954w, https:\/\/www.carnets-de-traverse.com\/blog\/wp-content\/uploads\/2016\/12\/15-Pyrenees-catalanes-Espagne-Serra-Boumort-550x200.jpg 550w, https:\/\/www.carnets-de-traverse.com\/blog\/wp-content\/uploads\/2016\/12\/15-Pyrenees-catalanes-Espagne-Serra-Boumort-768x280.jpg 768w, https:\/\/www.carnets-de-traverse.com\/blog\/wp-content\/uploads\/2016\/12\/15-Pyrenees-catalanes-Espagne-Serra-Boumort-600x219.jpg 600w, https:\/\/www.carnets-de-traverse.com\/blog\/wp-content\/uploads\/2016\/12\/15-Pyrenees-catalanes-Espagne-Serra-Boumort.jpg 1908w, https:\/\/www.carnets-de-traverse.com\/blog\/wp-content\/uploads\/2016\/12\/15-Pyrenees-catalanes-Espagne-Serra-Boumort-550x200@2x.jpg 1100w, https:\/\/www.carnets-de-traverse.com\/blog\/wp-content\/uploads\/2016\/12\/15-Pyrenees-catalanes-Espagne-Serra-Boumort-768x280@2x.jpg 1536w\" sizes=\"(max-width: 954px) 100vw, 954px\" \/><p id=\"caption-attachment-24613\" class=\"wp-caption-text\">NOTE DE VOYAGE \u2014 Le campement offre un certain confort. Apr\u00e8s une journ\u00e9e de marche dans la caillasse et les pentes, chacun gagne son lit rapidement.<\/p><\/div>\n<p>&nbsp;<\/p>\n<h2>Casa Leonardo, sur la route \u00e0 Senterada<\/h2>\n<p>Un autre coup de c\u0153ur ! Cet h\u00f4tel familial est bourr\u00e9 de charme.<\/p>\n<p><a href=\"http:\/\/www.booking.com\/hotel\/es\/casa-leonardo.fr.html?aid=388385\" target=\"_blank\">Casa Leonardo<\/a> c&rsquo;est une maison de montagne sur plusieurs \u00e9tages, avec un vrai esprit \u00e0 l&rsquo;int\u00e9rieur, comme si vous arriviez dans une maison de famille ! Franchement cool et avec de bonnes ondes.<\/p>\n<p>Le d\u00eener est servi dans le salon en bas, c&rsquo;est simple et local, de la bonne cuisine familiale ! Pareil pour le petit d\u00e8j. En fait, c&rsquo;est le genre d&rsquo;endroit o\u00f9 on se r\u00e9gale avec un simple pan tomate tellement les tomates, le pain et l&rsquo;huile d&rsquo;olive sont bons !<\/p>\n<p>&nbsp;<\/p>\n<div id=\"attachment_24633\" style=\"width: 560px\" class=\"wp-caption alignnone\"><img loading=\"lazy\" decoding=\"async\" aria-describedby=\"caption-attachment-24633\" class=\"size-large wp-image-24633\" style=\"margin-left: -204px;\" src=\"http:\/\/www.carnets-de-traverse.com\/blog\/wp-content\/uploads\/2016\/12\/26-Pyrenees-catalanes-Espagne-Senterada-954x625.jpg\" alt=\"Hotel Pyrenees catalanes, Espagne - Casa Leonardo Senterada\" width=\"954\" height=\"625\" srcset=\"https:\/\/www.carnets-de-traverse.com\/blog\/wp-content\/uploads\/2016\/12\/26-Pyrenees-catalanes-Espagne-Senterada-954x625.jpg 954w, https:\/\/www.carnets-de-traverse.com\/blog\/wp-content\/uploads\/2016\/12\/26-Pyrenees-catalanes-Espagne-Senterada-550x360.jpg 550w, https:\/\/www.carnets-de-traverse.com\/blog\/wp-content\/uploads\/2016\/12\/26-Pyrenees-catalanes-Espagne-Senterada-768x503.jpg 768w, https:\/\/www.carnets-de-traverse.com\/blog\/wp-content\/uploads\/2016\/12\/26-Pyrenees-catalanes-Espagne-Senterada-600x393.jpg 600w, https:\/\/www.carnets-de-traverse.com\/blog\/wp-content\/uploads\/2016\/12\/26-Pyrenees-catalanes-Espagne-Senterada.jpg 1908w, https:\/\/www.carnets-de-traverse.com\/blog\/wp-content\/uploads\/2016\/12\/26-Pyrenees-catalanes-Espagne-Senterada-550x360@2x.jpg 1100w, https:\/\/www.carnets-de-traverse.com\/blog\/wp-content\/uploads\/2016\/12\/26-Pyrenees-catalanes-Espagne-Senterada-768x503@2x.jpg 1536w\" sizes=\"(max-width: 954px) 100vw, 954px\" \/><p id=\"caption-attachment-24633\" class=\"wp-caption-text\">NOTE DE VOYAGE \u2014 L&rsquo;ancienne \u00e9picerie de la <a href=\"http:\/\/www.booking.com\/hotel\/es\/casa-leonardo.fr.html?aid=388385\" target=\"_blank\">Casa Leonardo<\/a> a gard\u00e9 ses vieux produits et emballages! Retour 50 ans en arri\u00e8re pour cet h\u00f4tel familial en bord de route. L&rsquo;adresse et l&rsquo;accueil y sont excellents, les d\u00eeners y sont de grande qualit\u00e9 ! Coup de c\u0153ur !<\/p><\/div>\n<p>&nbsp;<\/p>\n<p><img loading=\"lazy\" decoding=\"async\" class=\"alignnone size-large wp-image-24629\" style=\"margin-left: -204px;\" src=\"http:\/\/www.carnets-de-traverse.com\/blog\/wp-content\/uploads\/2016\/12\/27-Pyrenees-catalanes-Espagne-Senterada-954x713.jpg\" alt=\"Hotel Pyrenees catalanes, Espagne - Casa Leonardo Senterada\" width=\"954\" height=\"713\" srcset=\"https:\/\/www.carnets-de-traverse.com\/blog\/wp-content\/uploads\/2016\/12\/27-Pyrenees-catalanes-Espagne-Senterada-954x713.jpg 954w, https:\/\/www.carnets-de-traverse.com\/blog\/wp-content\/uploads\/2016\/12\/27-Pyrenees-catalanes-Espagne-Senterada-550x411.jpg 550w, https:\/\/www.carnets-de-traverse.com\/blog\/wp-content\/uploads\/2016\/12\/27-Pyrenees-catalanes-Espagne-Senterada-768x574.jpg 768w, https:\/\/www.carnets-de-traverse.com\/blog\/wp-content\/uploads\/2016\/12\/27-Pyrenees-catalanes-Espagne-Senterada-600x448.jpg 600w, https:\/\/www.carnets-de-traverse.com\/blog\/wp-content\/uploads\/2016\/12\/27-Pyrenees-catalanes-Espagne-Senterada.jpg 1908w, https:\/\/www.carnets-de-traverse.com\/blog\/wp-content\/uploads\/2016\/12\/27-Pyrenees-catalanes-Espagne-Senterada-550x411@2x.jpg 1100w, https:\/\/www.carnets-de-traverse.com\/blog\/wp-content\/uploads\/2016\/12\/27-Pyrenees-catalanes-Espagne-Senterada-768x574@2x.jpg 1536w\" sizes=\"(max-width: 954px) 100vw, 954px\" \/><\/p>\n<div id=\"attachment_24630\" style=\"width: 560px\" class=\"wp-caption alignnone\"><img loading=\"lazy\" decoding=\"async\" aria-describedby=\"caption-attachment-24630\" class=\"size-large wp-image-24630\" style=\"margin-left: -204px;\" src=\"http:\/\/www.carnets-de-traverse.com\/blog\/wp-content\/uploads\/2016\/12\/28-Pyrenees-catalanes-Espagne-Senterada-954x713.jpg\" alt=\"Hotel Pyrenees catalanes, Espagne - Casa Leonardo Senterada\" width=\"954\" height=\"713\" srcset=\"https:\/\/www.carnets-de-traverse.com\/blog\/wp-content\/uploads\/2016\/12\/28-Pyrenees-catalanes-Espagne-Senterada-954x713.jpg 954w, https:\/\/www.carnets-de-traverse.com\/blog\/wp-content\/uploads\/2016\/12\/28-Pyrenees-catalanes-Espagne-Senterada-550x411.jpg 550w, https:\/\/www.carnets-de-traverse.com\/blog\/wp-content\/uploads\/2016\/12\/28-Pyrenees-catalanes-Espagne-Senterada-768x574.jpg 768w, https:\/\/www.carnets-de-traverse.com\/blog\/wp-content\/uploads\/2016\/12\/28-Pyrenees-catalanes-Espagne-Senterada-600x448.jpg 600w, https:\/\/www.carnets-de-traverse.com\/blog\/wp-content\/uploads\/2016\/12\/28-Pyrenees-catalanes-Espagne-Senterada.jpg 1908w, https:\/\/www.carnets-de-traverse.com\/blog\/wp-content\/uploads\/2016\/12\/28-Pyrenees-catalanes-Espagne-Senterada-550x411@2x.jpg 1100w, https:\/\/www.carnets-de-traverse.com\/blog\/wp-content\/uploads\/2016\/12\/28-Pyrenees-catalanes-Espagne-Senterada-768x574@2x.jpg 1536w\" sizes=\"(max-width: 954px) 100vw, 954px\" \/><p id=\"caption-attachment-24630\" class=\"wp-caption-text\">NOTE DE VOYAGE \u2014 Les chambres et les espaces communs regorgent de petites vitrines dans lesquelles sont expos\u00e9s des centaines de produits et packaging d&rsquo;un autre temps. D\u00e9licieux cabinets de curiosit\u00e9s populaires. On aime !!<\/p><\/div>\n<h2>LE VAL D&rsquo;ARAN<\/h2>\n<p>Le Val d&rsquo;Aran a un statut particulier puisque c&rsquo;est une r\u00e9gion semi-ind\u00e9pendante, qui a son propre gouvernement, et sa propre langue ! La Catalogne est d\u00e9cid\u00e9ment pleine de surprises.<\/p>\n<p>Si vous habitez pr\u00e8s de\u00a0Toulouse, vous connaissez d\u00e9j\u00e0\u00a0sans doute le Val d&rsquo;Aran, puisqu&rsquo;il s&rsquo;agit vraiment de nos voisins juste de l&rsquo;autre c\u00f4t\u00e9 de la fronti\u00e8re. Une bonne id\u00e9e pour un week-end si vous habitez par l\u00e0\u00a0!<\/p>\n<h2>La route vers\u00a0le village abandonn\u00e9 de Montgarri<\/h2>\n<p>Le Val d\u2019Aran. Autre facette des Pyr\u00e9n\u00e9es. La route vers le village abandonn\u00e9 de Montgarri plonge dans l\u2019obscurit\u00e9. Montgarri ? Oui. Trop loin, trop isol\u00e9. \u00c9gar\u00e9 sur le Pla de Beret. Un bout du monde que les habitants ont d\u00e9cid\u00e9 de quitter dans les ann\u00e9es soixante-dix. Coup\u00e9s du reste de la vall\u00e9e pendant les mois d\u2019hiver, les habitants vivaient en compl\u00e8te autarcie durant 6 mois.<\/p>\n<p>Un air de <a href=\"http:\/\/www.carnets-de-traverse.com\/blog\/road-trip-ecosse-highlands\">Highlands<\/a> durant ces instants grandioses. Vers 17h30, le froid et l\u2019obscurit\u00e9 envahissent l\u2019espace. Seules quelques cloches de troupeaux cassent le silence. D\u2019ici une demi-heure, il fera nuit noire.<\/p>\n<p>Fin de journ\u00e9e sur les montagnes de Catalogne. Le chemin nous a men\u00e9 loin dans la caillasse et les for\u00eats dor\u00e9es. Spectaculaire baroud d\u2019honneur, le soleil tente un dernier face \u00e0 face avec l\u2019obscurit\u00e9, \u00e0 l\u2019issue forc\u00e9ment certaine.<\/p>\n<p>Les alentours rappellent cette <a href=\"http:\/\/www.carnets-de-traverse.com\/blog\/articles?pays=155\">lande \u00e9cossaise<\/a> que nous aimons tant ; v\u00e9g\u00e9taux ras, herbes s\u00e8ches, collines \u00e0 vif, conif\u00e8res sombres. La poussi\u00e8re de gypse s\u2019est immisc\u00e9e dans nos bouches et nos yeux. Errance photographique dans des paysages min\u00e9raux sublimes.<\/p>\n<p>&nbsp;<\/p>\n<p><img loading=\"lazy\" decoding=\"async\" class=\"alignnone size-large wp-image-24637\" style=\"margin-left: -204px;\" src=\"http:\/\/www.carnets-de-traverse.com\/blog\/wp-content\/uploads\/2016\/12\/17-Pyrenees-catalanes-Espagne-Val-d-Aran-954x713.jpg\" alt=\"Val d'Aran - Pyrenees catalanes, Espagne\" width=\"954\" height=\"713\" srcset=\"https:\/\/www.carnets-de-traverse.com\/blog\/wp-content\/uploads\/2016\/12\/17-Pyrenees-catalanes-Espagne-Val-d-Aran-954x713.jpg 954w, https:\/\/www.carnets-de-traverse.com\/blog\/wp-content\/uploads\/2016\/12\/17-Pyrenees-catalanes-Espagne-Val-d-Aran-550x411.jpg 550w, https:\/\/www.carnets-de-traverse.com\/blog\/wp-content\/uploads\/2016\/12\/17-Pyrenees-catalanes-Espagne-Val-d-Aran-768x574.jpg 768w, https:\/\/www.carnets-de-traverse.com\/blog\/wp-content\/uploads\/2016\/12\/17-Pyrenees-catalanes-Espagne-Val-d-Aran-600x448.jpg 600w, https:\/\/www.carnets-de-traverse.com\/blog\/wp-content\/uploads\/2016\/12\/17-Pyrenees-catalanes-Espagne-Val-d-Aran.jpg 1908w, https:\/\/www.carnets-de-traverse.com\/blog\/wp-content\/uploads\/2016\/12\/17-Pyrenees-catalanes-Espagne-Val-d-Aran-550x411@2x.jpg 1100w, https:\/\/www.carnets-de-traverse.com\/blog\/wp-content\/uploads\/2016\/12\/17-Pyrenees-catalanes-Espagne-Val-d-Aran-768x574@2x.jpg 1536w\" sizes=\"(max-width: 954px) 100vw, 954px\" \/><\/p>\n<p><img loading=\"lazy\" decoding=\"async\" class=\"alignnone size-large wp-image-24638\" style=\"margin-left: -204px;\" src=\"http:\/\/www.carnets-de-traverse.com\/blog\/wp-content\/uploads\/2016\/12\/18-Pyrenees-catalanes-Espagne-Val-d-Aran-954x625.jpg\" alt=\"Val d'Aran - Pyrenees catalanes, Espagne\" width=\"954\" height=\"625\" srcset=\"https:\/\/www.carnets-de-traverse.com\/blog\/wp-content\/uploads\/2016\/12\/18-Pyrenees-catalanes-Espagne-Val-d-Aran-954x625.jpg 954w, https:\/\/www.carnets-de-traverse.com\/blog\/wp-content\/uploads\/2016\/12\/18-Pyrenees-catalanes-Espagne-Val-d-Aran-550x360.jpg 550w, https:\/\/www.carnets-de-traverse.com\/blog\/wp-content\/uploads\/2016\/12\/18-Pyrenees-catalanes-Espagne-Val-d-Aran-768x503.jpg 768w, https:\/\/www.carnets-de-traverse.com\/blog\/wp-content\/uploads\/2016\/12\/18-Pyrenees-catalanes-Espagne-Val-d-Aran-600x393.jpg 600w, https:\/\/www.carnets-de-traverse.com\/blog\/wp-content\/uploads\/2016\/12\/18-Pyrenees-catalanes-Espagne-Val-d-Aran.jpg 1908w, https:\/\/www.carnets-de-traverse.com\/blog\/wp-content\/uploads\/2016\/12\/18-Pyrenees-catalanes-Espagne-Val-d-Aran-550x360@2x.jpg 1100w, https:\/\/www.carnets-de-traverse.com\/blog\/wp-content\/uploads\/2016\/12\/18-Pyrenees-catalanes-Espagne-Val-d-Aran-768x503@2x.jpg 1536w\" sizes=\"(max-width: 954px) 100vw, 954px\" \/><\/p>\n<div id=\"attachment_24639\" style=\"width: 560px\" class=\"wp-caption alignnone\"><img loading=\"lazy\" decoding=\"async\" aria-describedby=\"caption-attachment-24639\" class=\"size-large wp-image-24639\" style=\"margin-left: -204px;\" src=\"http:\/\/www.carnets-de-traverse.com\/blog\/wp-content\/uploads\/2016\/12\/19-Pyrenees-catalanes-Espagne-Val-d-Aran-954x625.jpg\" alt=\"Val d'Aran - Pyrenees catalanes, Espagne\" width=\"954\" height=\"625\" srcset=\"https:\/\/www.carnets-de-traverse.com\/blog\/wp-content\/uploads\/2016\/12\/19-Pyrenees-catalanes-Espagne-Val-d-Aran-954x625.jpg 954w, https:\/\/www.carnets-de-traverse.com\/blog\/wp-content\/uploads\/2016\/12\/19-Pyrenees-catalanes-Espagne-Val-d-Aran-550x360.jpg 550w, https:\/\/www.carnets-de-traverse.com\/blog\/wp-content\/uploads\/2016\/12\/19-Pyrenees-catalanes-Espagne-Val-d-Aran-768x503.jpg 768w, https:\/\/www.carnets-de-traverse.com\/blog\/wp-content\/uploads\/2016\/12\/19-Pyrenees-catalanes-Espagne-Val-d-Aran-600x393.jpg 600w, https:\/\/www.carnets-de-traverse.com\/blog\/wp-content\/uploads\/2016\/12\/19-Pyrenees-catalanes-Espagne-Val-d-Aran.jpg 1908w, https:\/\/www.carnets-de-traverse.com\/blog\/wp-content\/uploads\/2016\/12\/19-Pyrenees-catalanes-Espagne-Val-d-Aran-550x360@2x.jpg 1100w, https:\/\/www.carnets-de-traverse.com\/blog\/wp-content\/uploads\/2016\/12\/19-Pyrenees-catalanes-Espagne-Val-d-Aran-768x503@2x.jpg 1536w\" sizes=\"(max-width: 954px) 100vw, 954px\" \/><p id=\"caption-attachment-24639\" class=\"wp-caption-text\">NOTE DE VOYAGE \u2014 Le chemin pour atteindre Montgarri est particuli\u00e8rement excitant \u00e0 travers les montagnes du Val d&rsquo;Aran. Exp\u00e9rience visuelle de grande beaut\u00e9. Il n&rsquo;est pas n\u00e9cessaire d&rsquo;avoir un 4&#215;4 ou un SUV, le rev\u00eatement est grossier, poussi\u00e9reux mais agr\u00e9able \u00e0 pratiquer.<\/p><\/div>\n<p>&nbsp;<\/p>\n<div id=\"attachment_24640\" style=\"width: 560px\" class=\"wp-caption alignnone\"><img loading=\"lazy\" decoding=\"async\" aria-describedby=\"caption-attachment-24640\" class=\"size-large wp-image-24640\" style=\"margin-left: -204px;\" src=\"http:\/\/www.carnets-de-traverse.com\/blog\/wp-content\/uploads\/2016\/12\/20-Pyrenees-catalanes-Espagne-Val-d-Aran-954x713.jpg\" alt=\"Val d'Aran - Pyrenees catalanes, Espagne\" width=\"954\" height=\"713\" srcset=\"https:\/\/www.carnets-de-traverse.com\/blog\/wp-content\/uploads\/2016\/12\/20-Pyrenees-catalanes-Espagne-Val-d-Aran-954x713.jpg 954w, https:\/\/www.carnets-de-traverse.com\/blog\/wp-content\/uploads\/2016\/12\/20-Pyrenees-catalanes-Espagne-Val-d-Aran-550x411.jpg 550w, https:\/\/www.carnets-de-traverse.com\/blog\/wp-content\/uploads\/2016\/12\/20-Pyrenees-catalanes-Espagne-Val-d-Aran-768x574.jpg 768w, https:\/\/www.carnets-de-traverse.com\/blog\/wp-content\/uploads\/2016\/12\/20-Pyrenees-catalanes-Espagne-Val-d-Aran-600x448.jpg 600w, https:\/\/www.carnets-de-traverse.com\/blog\/wp-content\/uploads\/2016\/12\/20-Pyrenees-catalanes-Espagne-Val-d-Aran.jpg 1908w, https:\/\/www.carnets-de-traverse.com\/blog\/wp-content\/uploads\/2016\/12\/20-Pyrenees-catalanes-Espagne-Val-d-Aran-550x411@2x.jpg 1100w, https:\/\/www.carnets-de-traverse.com\/blog\/wp-content\/uploads\/2016\/12\/20-Pyrenees-catalanes-Espagne-Val-d-Aran-768x574@2x.jpg 1536w\" sizes=\"(max-width: 954px) 100vw, 954px\" \/><p id=\"caption-attachment-24640\" class=\"wp-caption-text\">NOTE DE VOYAGE \u2014 Quelques cabanes sont pos\u00e9es ici ou l\u00e0 \u00e0 travers les alpages cram\u00e9s du Val. L&rsquo;esth\u00e9tique est tr\u00e8s proche de l&rsquo;Ecosse par ses tonalit\u00e9s et ses ambiances puissantes.<\/p><\/div>\n<p>&nbsp;<\/p>\n<div id=\"attachment_24641\" style=\"width: 560px\" class=\"wp-caption alignnone\"><img loading=\"lazy\" decoding=\"async\" aria-describedby=\"caption-attachment-24641\" class=\"size-large wp-image-24641\" style=\"margin-left: -204px;\" src=\"http:\/\/www.carnets-de-traverse.com\/blog\/wp-content\/uploads\/2016\/12\/21-Pyrenees-catalanes-Espagne-Val-d-Aran-954x715.jpg\" alt=\"Val d'Aran - Pyrenees catalanes, Espagne\" width=\"954\" height=\"715\" srcset=\"https:\/\/www.carnets-de-traverse.com\/blog\/wp-content\/uploads\/2016\/12\/21-Pyrenees-catalanes-Espagne-Val-d-Aran-954x715.jpg 954w, https:\/\/www.carnets-de-traverse.com\/blog\/wp-content\/uploads\/2016\/12\/21-Pyrenees-catalanes-Espagne-Val-d-Aran-550x412.jpg 550w, https:\/\/www.carnets-de-traverse.com\/blog\/wp-content\/uploads\/2016\/12\/21-Pyrenees-catalanes-Espagne-Val-d-Aran-768x576.jpg 768w, https:\/\/www.carnets-de-traverse.com\/blog\/wp-content\/uploads\/2016\/12\/21-Pyrenees-catalanes-Espagne-Val-d-Aran-600x450.jpg 600w, https:\/\/www.carnets-de-traverse.com\/blog\/wp-content\/uploads\/2016\/12\/21-Pyrenees-catalanes-Espagne-Val-d-Aran.jpg 1908w, https:\/\/www.carnets-de-traverse.com\/blog\/wp-content\/uploads\/2016\/12\/21-Pyrenees-catalanes-Espagne-Val-d-Aran-550x412@2x.jpg 1100w, https:\/\/www.carnets-de-traverse.com\/blog\/wp-content\/uploads\/2016\/12\/21-Pyrenees-catalanes-Espagne-Val-d-Aran-768x576@2x.jpg 1536w\" sizes=\"(max-width: 954px) 100vw, 954px\" \/><p id=\"caption-attachment-24641\" class=\"wp-caption-text\">NOTE DE VOYAGE \u2014 A la tomb\u00e9e de la nuit, les lacets des routes offrent une vision \u00e9nigmatique de la vall\u00e9e.<\/p><\/div>\n<h2>La vall\u00e9e de\u00a0Toran<\/h2>\n<p>Jolie petite vall\u00e9e, vraiment au nord du Val d&rsquo;Aran, et assez peu visit\u00e9e ! On a bien aim\u00e9 l&rsquo;ambiance, sans doute plus tranquille qu&rsquo;ailleurs. Au bout de la route,\u00a0le petit village de San Juan de Toran ! Et au bout d&rsquo;une autre petite route (la route part en Y), il y a aussi le village de Canejean, perch\u00e9 tout en haut de la montagne !<\/p>\n<p>Si vous avez envie de marcher, il y a entre autres\u00a0<a href=\"http:\/\/mattihou.free.fr\/2008\/mont-30\/\" target=\"_blank\">cette rando<\/a> qui m\u00e8ne vers des lacs d&rsquo;altitude depuis la vall\u00e9e. Joli\u00a0vu les photos ! La r\u00e9gion est cribl\u00e9e de lacs.<\/p>\n<p>&nbsp;<\/p>\n<p><img loading=\"lazy\" decoding=\"async\" class=\"alignnone size-large wp-image-24642\" style=\"margin-left: -204px;\" src=\"http:\/\/www.carnets-de-traverse.com\/blog\/wp-content\/uploads\/2016\/12\/22-Pyrenees-catalanes-Espagne-Val-d-Aran-954x713.jpg\" alt=\"Val d'Aran - Pyrenees catalanes, Espagne\" width=\"954\" height=\"713\" srcset=\"https:\/\/www.carnets-de-traverse.com\/blog\/wp-content\/uploads\/2016\/12\/22-Pyrenees-catalanes-Espagne-Val-d-Aran-954x713.jpg 954w, https:\/\/www.carnets-de-traverse.com\/blog\/wp-content\/uploads\/2016\/12\/22-Pyrenees-catalanes-Espagne-Val-d-Aran-550x411.jpg 550w, https:\/\/www.carnets-de-traverse.com\/blog\/wp-content\/uploads\/2016\/12\/22-Pyrenees-catalanes-Espagne-Val-d-Aran-768x574.jpg 768w, https:\/\/www.carnets-de-traverse.com\/blog\/wp-content\/uploads\/2016\/12\/22-Pyrenees-catalanes-Espagne-Val-d-Aran-600x448.jpg 600w, https:\/\/www.carnets-de-traverse.com\/blog\/wp-content\/uploads\/2016\/12\/22-Pyrenees-catalanes-Espagne-Val-d-Aran.jpg 1908w, https:\/\/www.carnets-de-traverse.com\/blog\/wp-content\/uploads\/2016\/12\/22-Pyrenees-catalanes-Espagne-Val-d-Aran-550x411@2x.jpg 1100w, https:\/\/www.carnets-de-traverse.com\/blog\/wp-content\/uploads\/2016\/12\/22-Pyrenees-catalanes-Espagne-Val-d-Aran-768x574@2x.jpg 1536w\" sizes=\"(max-width: 954px) 100vw, 954px\" \/><\/p>\n<div id=\"attachment_24643\" style=\"width: 560px\" class=\"wp-caption alignnone\"><img loading=\"lazy\" decoding=\"async\" aria-describedby=\"caption-attachment-24643\" class=\"size-large wp-image-24643\" style=\"margin-left: -204px;\" src=\"http:\/\/www.carnets-de-traverse.com\/blog\/wp-content\/uploads\/2016\/12\/23-Pyrenees-catalanes-Espagne-Val-d-Aran-954x713.jpg\" alt=\"Val d'Aran - Pyrenees catalanes, Espagne\" width=\"954\" height=\"713\" srcset=\"https:\/\/www.carnets-de-traverse.com\/blog\/wp-content\/uploads\/2016\/12\/23-Pyrenees-catalanes-Espagne-Val-d-Aran-954x713.jpg 954w, https:\/\/www.carnets-de-traverse.com\/blog\/wp-content\/uploads\/2016\/12\/23-Pyrenees-catalanes-Espagne-Val-d-Aran-550x411.jpg 550w, https:\/\/www.carnets-de-traverse.com\/blog\/wp-content\/uploads\/2016\/12\/23-Pyrenees-catalanes-Espagne-Val-d-Aran-768x574.jpg 768w, https:\/\/www.carnets-de-traverse.com\/blog\/wp-content\/uploads\/2016\/12\/23-Pyrenees-catalanes-Espagne-Val-d-Aran-600x448.jpg 600w, https:\/\/www.carnets-de-traverse.com\/blog\/wp-content\/uploads\/2016\/12\/23-Pyrenees-catalanes-Espagne-Val-d-Aran.jpg 1908w, https:\/\/www.carnets-de-traverse.com\/blog\/wp-content\/uploads\/2016\/12\/23-Pyrenees-catalanes-Espagne-Val-d-Aran-550x411@2x.jpg 1100w, https:\/\/www.carnets-de-traverse.com\/blog\/wp-content\/uploads\/2016\/12\/23-Pyrenees-catalanes-Espagne-Val-d-Aran-768x574@2x.jpg 1536w\" sizes=\"(max-width: 954px) 100vw, 954px\" \/><p id=\"caption-attachment-24643\" class=\"wp-caption-text\">NOTE DE VOYAGE \u2014 Un autre aspect du Val d&rsquo;Aran. Les grandes for\u00eats de la Vall\u00e9e de Toran et les villages de pierre. Belles d\u00e9couvertes !<\/p><\/div>\n<h2>VIC ET SES ALENTOURS<\/h2>\n<h2>Le lac\u00a0de Sau et village de Tavertet<\/h2>\n<p>Tavertet est un joli petit village en pierres o\u00f9 on peut se balader quelques minutes. Les maisons sont bien pr\u00e9serv\u00e9es, on se prom\u00e8ne dans les petites ruelles, il y a une jolie petite \u00e9glise&#8230; Quelques grands rochers sont encore encastr\u00e9s dans les maisons. Le village m\u00e9rite une petite halte apr\u00e8s la route sinueuse qui y m\u00e8ne.<\/p>\n<p>Ce qui nous\u00a0a plu avant tout ici est la vue sur le r\u00e9servoir de Sau, un lac artificiel aux faux airs de canyon am\u00e9ricain. L&rsquo;acc\u00e8s n&rsquo;est ni tr\u00e8s facile ni tr\u00e8s s\u00e9curis\u00e9 (\u00e0 \u00e9viter avec des petits enfants).<\/p>\n<p>Un bon spot pour le\u00a0observer le lac est le rocher Morro de l&rsquo;Abella sur la route de Tavertet, un promontoire avec vue plongeante \u2014 un peu trop m\u00eame pour ceux qui ont le vertige \u2014 et impossible \u00e0 trouver car pas du tout signalis\u00e9 ! Mais heureusement on est l\u00e0 pour vous haha : voici donc <a href=\"https:\/\/es.wikiloc.com\/wikiloc\/view.do?id=716612\" target=\"_blank\" class=\"broken_link\">o\u00f9 se trouve exactement le\u00a0promontoire<\/a>\u00a0(41\u00b059&rsquo;30.12&Prime;N 2\u00b023&rsquo;25.08&Prime;E). Attention c&rsquo;est en mode sauvage, pas de barri\u00e8res rien du tout, faites attention \u00e0 vous.<\/p>\n<p>Selon le niveau de l&rsquo;eau il peut \u00eatre cool d&rsquo;aller photographier le clocher de l\u2019e\u0301glise de l\u2019ancien village de Sau, immerg\u00e9 sous l&rsquo;eau, avec le clocher qui d\u00e9passe !<\/p>\n<p>&nbsp;<\/p>\n<div id=\"attachment_24673\" style=\"width: 560px\" class=\"wp-caption alignnone\"><img loading=\"lazy\" decoding=\"async\" aria-describedby=\"caption-attachment-24673\" src=\"http:\/\/www.carnets-de-traverse.com\/blog\/wp-content\/uploads\/2016\/12\/24-Pyrenees-catalanes-Espagne-Tavertet-732x958.jpg\" style=\"margin-left: -93px;\" alt=\"Pyrenees catalanes, Espagne - Lac de Sau, Tavertet\" width=\"732\" height=\"958\" class=\"size-large wp-image-24673\" srcset=\"https:\/\/www.carnets-de-traverse.com\/blog\/wp-content\/uploads\/2016\/12\/24-Pyrenees-catalanes-Espagne-Tavertet-732x958.jpg 732w, https:\/\/www.carnets-de-traverse.com\/blog\/wp-content\/uploads\/2016\/12\/24-Pyrenees-catalanes-Espagne-Tavertet-550x720.jpg 550w, https:\/\/www.carnets-de-traverse.com\/blog\/wp-content\/uploads\/2016\/12\/24-Pyrenees-catalanes-Espagne-Tavertet-768x1005.jpg 768w, https:\/\/www.carnets-de-traverse.com\/blog\/wp-content\/uploads\/2016\/12\/24-Pyrenees-catalanes-Espagne-Tavertet-600x786.jpg 600w, https:\/\/www.carnets-de-traverse.com\/blog\/wp-content\/uploads\/2016\/12\/24-Pyrenees-catalanes-Espagne-Tavertet.jpg 1465w, https:\/\/www.carnets-de-traverse.com\/blog\/wp-content\/uploads\/2016\/12\/24-Pyrenees-catalanes-Espagne-Tavertet-732x958@2x.jpg 1464w, https:\/\/www.carnets-de-traverse.com\/blog\/wp-content\/uploads\/2016\/12\/24-Pyrenees-catalanes-Espagne-Tavertet-550x720@2x.jpg 1100w\" sizes=\"(max-width: 732px) 100vw, 732px\" \/><p id=\"caption-attachment-24673\" class=\"wp-caption-text\">NOTE DE VOYAGE \u2014 Petits airs d&rsquo;Ouest am\u00e9ricain dans ces parois rocheuses du r\u00e9servoir de Sau. Attention ! L&rsquo;acc\u00e8s \u00e0 ces panoramas n&rsquo;est pas am\u00e9nag\u00e9 ni officiellement marqu\u00e9. Les parois sont vertigineuses et dans certains cas, dangereuses.<\/p><\/div>\n<p>&nbsp;<\/p>\n<p>Notre prochaine \u00e9tape est Cantonigro\u0301s (\u00e0 15 min de Tavertet) pour un d\u00e9jeuner gastronomique :) Le restaurant <a href=\"http:\/\/ad.zanox.com\/ppc\/?30838099C1160420716T&amp;ULP=[[http:\/\/www.tripadvisor.fr\/Restaurant_Review-g1992675-d4869691-Reviews-a_zanpid.30838099C1160420716T-m22102-Ca_la_Laia-Cantonigros_Catalonia.html\" target=\"_blank\" class=\"broken_link\">Ca La Laia<\/a> qui nous sert de somptueux champignons (c&rsquo;est de saison !) ! Super sympa et d\u00e9licieux si vous avez le temps de prendre le temps d&rsquo;un bon repas ! Il y a une jolie terrasse aux beaux jours (il faisait trop froid pour nous :)).<\/p>\n<p>Id\u00e9e de\u00a0petite randonn\u00e9e \u00e0 Cantonigros :\u00a0aller voir la <a href=\"https:\/\/ca.wikiloc.com\/wikiloc\/view.do?id=5329906\" target=\"_blank\" class=\"broken_link\">chute d\u2019eau la Foradada<\/a> (25 minutes aller et 40 minutes retour).<\/p>\n<p>Pour dormir \u00e0 Tavertet, on a trouv\u00e9 cette <a href=\"http:\/\/www.booking.com\/hotel\/es\/el-jufre.fr.html?aid=388385\" target=\"_blank\">petite adresse de charme avec vue sur le lac<\/a>. Il y a aussi, si vous aimez les vieilles pierres, <a href=\"http:\/\/www.booking.com\/hotel\/es\/parador-de-vic-sau.fr.html?aid=388385\" target=\"_blank\">le Parador de Vic Sau<\/a>, bien plus grand mais avec une grande piscine et une belle vue sur le lac ! Enfin \u00e0 15 minutes de Tavertet, une grande maison de campagne retap\u00e9e : <a href=\"http:\/\/www.booking.com\/hotel\/es\/ca-la-rotllada.fr.html?aid=388385\" target=\"_blank\">Ca la Rotllada<\/a>.<\/p>\n<h2>La jolie grand place de Vic<\/h2>\n<p>Vic est une belle ville de taille moyenne, vers laquelle convergent les\u00a0routes pour et vers les Pyr\u00e9n\u00e9es, donc selon votre itin\u00e9raire, il est probable que vous passiez \u00e0 proximit\u00e9.<\/p>\n<p>\u00c7a vaut le coup de s&rsquo;arr\u00eater quelques heures, ne serait-ce que pour voir la jolie grand place en terre battue digne de Rolland Garros :) Sans rire, on a bien aim\u00e9 les couleurs terreuses de la place, les fa\u00e7ades des maisons avaient m\u00eame un petit air v\u00e9nitien.<\/p>\n<p>Il y a un grand march\u00e9 ici m\u00eame sur cette place\u00a0tous les samedis\u00a0! V\u00eatements, fleurs, cuisine, produits locaux\u2026 Il est connu pour \u00eatre le plus traditionnel de Catalogne.\u00a0\u00c0 la p\u00e9riode de No\u00ebl, ce march\u00e9 devient un march\u00e9 m\u00e9di\u00e9val avec d\u00e9mo des anciens m\u00e9tiers et sp\u00e9cialit\u00e9s r\u00e9gionales !<\/p>\n<p>\u00c0\u00a0visiter aussi \u00e0 Vic\u00a0: les temples romans, la cath\u00e9drale, le <a href=\"http:\/\/www.catalunyaexperience.fr\/actualites\/que-faire-a-vic-visitez-le-musee-dart-medieval\" target=\"_blank\">mus\u00e9e \u00e9piscopal<\/a> \u2014 surtout si l&rsquo;art m\u00e9di\u00e9val est votre marotte (l\u2019un des plus importants centres d\u2019art m\u00e9di\u00e9val en Europe tout de m\u00eame !).<\/p>\n<p>Pour dormir \u00e0 Vic, on a rep\u00e9r\u00e9 cet <a href=\"http:\/\/www.booking.com\/hotel\/es\/seminari-allotjaments.fr.html?aid=388385\" target=\"_blank\">ancien monast\u00e8re reconverti en hotel<\/a> qui a l&rsquo;air cool !<\/p>\n<p>&nbsp;<\/p>\n<div id=\"attachment_24645\" style=\"width: 560px\" class=\"wp-caption alignnone\"><img loading=\"lazy\" decoding=\"async\" aria-describedby=\"caption-attachment-24645\" class=\"size-large wp-image-24645\" src=\"http:\/\/www.carnets-de-traverse.com\/blog\/wp-content\/uploads\/2016\/12\/25-Pyrenees-catalanes-Espagne-Vic-954x715.jpg\" style=\"margin-left: -204px;\" alt=\"Pyrenees catalanes, Espagne - Vic\" width=\"954\" height=\"715\" srcset=\"https:\/\/www.carnets-de-traverse.com\/blog\/wp-content\/uploads\/2016\/12\/25-Pyrenees-catalanes-Espagne-Vic-954x715.jpg 954w, https:\/\/www.carnets-de-traverse.com\/blog\/wp-content\/uploads\/2016\/12\/25-Pyrenees-catalanes-Espagne-Vic-550x412.jpg 550w, https:\/\/www.carnets-de-traverse.com\/blog\/wp-content\/uploads\/2016\/12\/25-Pyrenees-catalanes-Espagne-Vic-768x576.jpg 768w, https:\/\/www.carnets-de-traverse.com\/blog\/wp-content\/uploads\/2016\/12\/25-Pyrenees-catalanes-Espagne-Vic-600x450.jpg 600w, https:\/\/www.carnets-de-traverse.com\/blog\/wp-content\/uploads\/2016\/12\/25-Pyrenees-catalanes-Espagne-Vic.jpg 1908w, https:\/\/www.carnets-de-traverse.com\/blog\/wp-content\/uploads\/2016\/12\/25-Pyrenees-catalanes-Espagne-Vic-550x412@2x.jpg 1100w, https:\/\/www.carnets-de-traverse.com\/blog\/wp-content\/uploads\/2016\/12\/25-Pyrenees-catalanes-Espagne-Vic-768x576@2x.jpg 1536w\" sizes=\"(max-width: 954px) 100vw, 954px\" \/><p id=\"caption-attachment-24645\" class=\"wp-caption-text\">NOTE DE VOYAGE \u2014 La place en terre battue donne une atmosph\u00e8re \u00e9tonnante \u00e0 Vic ! On vous recommande un petit passage par la ville. Penser \u00e0 saluer la maison Cal Ramon, on y trouve quelques bons produits locaux ! L&rsquo;accueil du propri\u00e9taire est charmant !<\/p><\/div>\n<h2>LA GARROTXA, VOLCANS ET FORETS<\/h2>\n<p>Dans cette r\u00e9gion jadis tr\u00e8s recul\u00e9e, on retrouve\u00a0un peu d&rsquo;Auvergne avec de\u00a0vieux volcans endormis et de grandes for\u00eats de h\u00eatres\u00a0!<\/p>\n<p>Mais laissez-nous partager nos coups de c\u0153ur :<\/p>\n<h2>Une superbe maison d&rsquo;h\u00f4tes en pierres dans la Garrotxa<\/h2>\n<p>On a eu un v\u00e9ritable coup de c\u0153ur pour le <a href=\"http:\/\/masgarganta.com\/fr\/\" target=\"_blank\" class=\"broken_link\">Mas Garganta<\/a>, une maison d&rsquo;h\u00f4tes de toute beaut\u00e9\u00a0!<\/p>\n<p>Situ\u00e9e dans la r\u00e9gion de la Garrotxa, c&rsquo;est une tr\u00e8s ancienne maison (elle date du )<\/p>\n<p>Les vieux volcans de la Garrotxa esquissent peu \u00e0 peu leurs formes. Il y a dans l\u2019air du matin la douceur du Sud, les bruits de charpentes trop vieilles. Le soleil catalan excite les senteurs de figuiers. Le vieux mas Garganta exhibe sa patine multi-centenaire. Moment simple, humble peut-\u00eatre. Atmosph\u00e8re apaisante.<\/p>\n<p>C&rsquo;est une charmante ferme ancienne (1350 quand\u00a0m\u00eame !) avec une belle terrasse \u00e0 arcades. C&rsquo;est tr\u00e8s\u00a0propre, rustique et avec de belles vues sur la vall\u00e9e. Il y a m\u00eame une\u00a0petite piscine.<\/p>\n<p>Au d\u00eener tout le monde \u00e9tait tr\u00e8s sympa et on est tomb\u00e9s sur des gens qui parlaient fran\u00e7ais :) Sur la table, charcuteries locales, tortilla faite maison,\u00a0fruits et l\u00e9gumes du jardin &lt;3 Les fromages sont\u00a0super bons, bien s\u00fbr.\u00a0Un feu de bois qui cr\u00e9pite juste derri\u00e8re. Bref\u00a0: parfait !! On y a pass\u00e9 une nuit, mais on aurait aim\u00e9 rest\u00e9 une nuit de plus !<\/p>\n<p>&nbsp;<\/p>\n<p><img loading=\"lazy\" decoding=\"async\" class=\"alignnone size-large wp-image-24654\" src=\"http:\/\/www.carnets-de-traverse.com\/blog\/wp-content\/uploads\/2016\/12\/29-Pyrenees-catalanes-Espagne-Garrotxa-954x625.jpg\" style=\"margin-left: -204px;\" alt=\"Garrotxa - Pyrenees catalanes, Espagne\" width=\"954\" height=\"625\" srcset=\"https:\/\/www.carnets-de-traverse.com\/blog\/wp-content\/uploads\/2016\/12\/29-Pyrenees-catalanes-Espagne-Garrotxa-954x625.jpg 954w, https:\/\/www.carnets-de-traverse.com\/blog\/wp-content\/uploads\/2016\/12\/29-Pyrenees-catalanes-Espagne-Garrotxa-550x360.jpg 550w, https:\/\/www.carnets-de-traverse.com\/blog\/wp-content\/uploads\/2016\/12\/29-Pyrenees-catalanes-Espagne-Garrotxa-768x503.jpg 768w, https:\/\/www.carnets-de-traverse.com\/blog\/wp-content\/uploads\/2016\/12\/29-Pyrenees-catalanes-Espagne-Garrotxa-600x393.jpg 600w, https:\/\/www.carnets-de-traverse.com\/blog\/wp-content\/uploads\/2016\/12\/29-Pyrenees-catalanes-Espagne-Garrotxa.jpg 1908w, https:\/\/www.carnets-de-traverse.com\/blog\/wp-content\/uploads\/2016\/12\/29-Pyrenees-catalanes-Espagne-Garrotxa-550x360@2x.jpg 1100w, https:\/\/www.carnets-de-traverse.com\/blog\/wp-content\/uploads\/2016\/12\/29-Pyrenees-catalanes-Espagne-Garrotxa-768x503@2x.jpg 1536w\" sizes=\"(max-width: 954px) 100vw, 954px\" \/><\/p>\n<div id=\"attachment_24655\" style=\"width: 560px\" class=\"wp-caption alignnone\"><img loading=\"lazy\" decoding=\"async\" aria-describedby=\"caption-attachment-24655\" class=\"size-large wp-image-24655\" src=\"http:\/\/www.carnets-de-traverse.com\/blog\/wp-content\/uploads\/2016\/12\/30-Pyrenees-catalanes-Espagne-Garrotxa-954x713.jpg\" style=\"margin-left: -204px;\" alt=\"Garrotxa - Pyrenees catalanes, Espagne\" width=\"954\" height=\"713\" srcset=\"https:\/\/www.carnets-de-traverse.com\/blog\/wp-content\/uploads\/2016\/12\/30-Pyrenees-catalanes-Espagne-Garrotxa-954x713.jpg 954w, https:\/\/www.carnets-de-traverse.com\/blog\/wp-content\/uploads\/2016\/12\/30-Pyrenees-catalanes-Espagne-Garrotxa-550x411.jpg 550w, https:\/\/www.carnets-de-traverse.com\/blog\/wp-content\/uploads\/2016\/12\/30-Pyrenees-catalanes-Espagne-Garrotxa-768x574.jpg 768w, https:\/\/www.carnets-de-traverse.com\/blog\/wp-content\/uploads\/2016\/12\/30-Pyrenees-catalanes-Espagne-Garrotxa-600x448.jpg 600w, https:\/\/www.carnets-de-traverse.com\/blog\/wp-content\/uploads\/2016\/12\/30-Pyrenees-catalanes-Espagne-Garrotxa.jpg 1908w, https:\/\/www.carnets-de-traverse.com\/blog\/wp-content\/uploads\/2016\/12\/30-Pyrenees-catalanes-Espagne-Garrotxa-550x411@2x.jpg 1100w, https:\/\/www.carnets-de-traverse.com\/blog\/wp-content\/uploads\/2016\/12\/30-Pyrenees-catalanes-Espagne-Garrotxa-768x574@2x.jpg 1536w\" sizes=\"(max-width: 954px) 100vw, 954px\" \/><p id=\"caption-attachment-24655\" class=\"wp-caption-text\">NOTE DE VOYAGE \u2014 La maison d\u00e9gage une atmosph\u00e8re de bien-\u00eatre \u2014 grosse demeure accueillante o\u00f9 l&rsquo;odeur des figuiers enchantent la fin de journ\u00e9e. Vision paisible sur la Garrotxa<\/p><\/div>\n<p>&nbsp;<\/p>\n<p><img loading=\"lazy\" decoding=\"async\" class=\"alignnone size-large wp-image-24656\" src=\"http:\/\/www.carnets-de-traverse.com\/blog\/wp-content\/uploads\/2016\/12\/31-Pyrenees-catalanes-Espagne-Garrotxa-954x348.jpg\" style=\"margin-left: -204px;\" alt=\"Garrotxa - Pyrenees catalanes, Espagne\" width=\"954\" height=\"348\" srcset=\"https:\/\/www.carnets-de-traverse.com\/blog\/wp-content\/uploads\/2016\/12\/31-Pyrenees-catalanes-Espagne-Garrotxa-954x348.jpg 954w, https:\/\/www.carnets-de-traverse.com\/blog\/wp-content\/uploads\/2016\/12\/31-Pyrenees-catalanes-Espagne-Garrotxa-550x200.jpg 550w, https:\/\/www.carnets-de-traverse.com\/blog\/wp-content\/uploads\/2016\/12\/31-Pyrenees-catalanes-Espagne-Garrotxa-768x280.jpg 768w, https:\/\/www.carnets-de-traverse.com\/blog\/wp-content\/uploads\/2016\/12\/31-Pyrenees-catalanes-Espagne-Garrotxa-600x219.jpg 600w, https:\/\/www.carnets-de-traverse.com\/blog\/wp-content\/uploads\/2016\/12\/31-Pyrenees-catalanes-Espagne-Garrotxa.jpg 1908w, https:\/\/www.carnets-de-traverse.com\/blog\/wp-content\/uploads\/2016\/12\/31-Pyrenees-catalanes-Espagne-Garrotxa-550x200@2x.jpg 1100w, https:\/\/www.carnets-de-traverse.com\/blog\/wp-content\/uploads\/2016\/12\/31-Pyrenees-catalanes-Espagne-Garrotxa-768x280@2x.jpg 1536w\" sizes=\"(max-width: 954px) 100vw, 954px\" \/><\/p>\n<h2>Castellfollit de la Roca<\/h2>\n<p>Castellfollit de la Roca est un petit village catalan \u00e0 flanc de falaise, o\u00f9 il fait bon s&rsquo;y balader une heure ou deux ! Vous pouvez monter au clocher et avoir une jolie vue sur les toits. Il n&rsquo;y a pas grand chose \u00e0 part de jolies petites rues, des chats qui se pr\u00e9lassent au soleil, la falaise d&rsquo;un c\u00f4t\u00e9 et la for\u00eat de l&rsquo;autre, mais c&rsquo;est joli.<\/p>\n<p>Pour les photographes, il y a un spot en contre-bas du village dans les mara\u00eechers pour prendre la photo du village sur la falaise. C&rsquo;est l&rsquo;apr\u00e8s-midi que la falaise est bien expos\u00e9e au soleil ;) Le matin, elle est \u00e0 contre-jour.<\/p>\n<p>&nbsp;<\/p>\n<p><img loading=\"lazy\" decoding=\"async\" class=\"alignnone size-large wp-image-24658\" src=\"http:\/\/www.carnets-de-traverse.com\/blog\/wp-content\/uploads\/2016\/12\/33-Pyrenees-catalanes-Espagne-Garrotxa-954x713.jpg\" style=\"margin-left: -204px;\" alt=\"Garrotxa, Castellfollit de la Roca - Pyrenees catalanes, Espagne\" width=\"954\" height=\"713\" srcset=\"https:\/\/www.carnets-de-traverse.com\/blog\/wp-content\/uploads\/2016\/12\/33-Pyrenees-catalanes-Espagne-Garrotxa-954x713.jpg 954w, https:\/\/www.carnets-de-traverse.com\/blog\/wp-content\/uploads\/2016\/12\/33-Pyrenees-catalanes-Espagne-Garrotxa-550x411.jpg 550w, https:\/\/www.carnets-de-traverse.com\/blog\/wp-content\/uploads\/2016\/12\/33-Pyrenees-catalanes-Espagne-Garrotxa-768x574.jpg 768w, https:\/\/www.carnets-de-traverse.com\/blog\/wp-content\/uploads\/2016\/12\/33-Pyrenees-catalanes-Espagne-Garrotxa-600x448.jpg 600w, https:\/\/www.carnets-de-traverse.com\/blog\/wp-content\/uploads\/2016\/12\/33-Pyrenees-catalanes-Espagne-Garrotxa.jpg 1908w, https:\/\/www.carnets-de-traverse.com\/blog\/wp-content\/uploads\/2016\/12\/33-Pyrenees-catalanes-Espagne-Garrotxa-550x411@2x.jpg 1100w, https:\/\/www.carnets-de-traverse.com\/blog\/wp-content\/uploads\/2016\/12\/33-Pyrenees-catalanes-Espagne-Garrotxa-768x574@2x.jpg 1536w\" sizes=\"(max-width: 954px) 100vw, 954px\" \/><\/p>\n<h2><\/h2>\n<h2>Cal Sastre, un resto local, familial, volcanique<\/h2>\n<p>Jesus nous accueille \u00e0 bras ouverts dans son restaurant dans le petit village de\u00a0Santa Pau. <a href=\"http:\/\/www.calsastre.com\" target=\"_blank\" class=\"broken_link\">Cal Sastre<\/a> est un restaurant traditionnel et super local, super bon ! On d\u00e9guste les petits plats tr\u00e8s typiques de la\u00a0r\u00e9gion, avec des produits tellement locaux&#8230; qu&rsquo;ils proviennent du jardin m\u00eame de Jesus ! N&rsquo;oubliez pas de go\u00fbter les haricots de Santa Pau !<\/p>\n<p>Jesus et sa famille tiennent aussi <a href=\"http:\/\/www.booking.com\/hotel\/es\/cal-sastre.fr.html?aid=388385\" target=\"_blank\">un petit hotel<\/a>, sympa dans la vieille maison attenante au restaurant, on a visit\u00e9 et c&rsquo;est tr\u00e8s chouette !<\/p>\n<p>&nbsp;<\/p>\n<div id=\"attachment_24657\" style=\"width: 560px\" class=\"wp-caption alignnone\"><img loading=\"lazy\" decoding=\"async\" aria-describedby=\"caption-attachment-24657\" class=\"size-large wp-image-24657\" src=\"http:\/\/www.carnets-de-traverse.com\/blog\/wp-content\/uploads\/2016\/12\/32-Pyrenees-catalanes-Espagne-Garrotxa-954x713.jpg\" style=\"margin-left: -204px;\" alt=\"Garrotxa, Santa Pau - Pyrenees catalanes, Espagne\" width=\"954\" height=\"713\" srcset=\"https:\/\/www.carnets-de-traverse.com\/blog\/wp-content\/uploads\/2016\/12\/32-Pyrenees-catalanes-Espagne-Garrotxa-954x713.jpg 954w, https:\/\/www.carnets-de-traverse.com\/blog\/wp-content\/uploads\/2016\/12\/32-Pyrenees-catalanes-Espagne-Garrotxa-550x411.jpg 550w, https:\/\/www.carnets-de-traverse.com\/blog\/wp-content\/uploads\/2016\/12\/32-Pyrenees-catalanes-Espagne-Garrotxa-768x574.jpg 768w, https:\/\/www.carnets-de-traverse.com\/blog\/wp-content\/uploads\/2016\/12\/32-Pyrenees-catalanes-Espagne-Garrotxa-600x448.jpg 600w, https:\/\/www.carnets-de-traverse.com\/blog\/wp-content\/uploads\/2016\/12\/32-Pyrenees-catalanes-Espagne-Garrotxa.jpg 1908w, https:\/\/www.carnets-de-traverse.com\/blog\/wp-content\/uploads\/2016\/12\/32-Pyrenees-catalanes-Espagne-Garrotxa-550x411@2x.jpg 1100w, https:\/\/www.carnets-de-traverse.com\/blog\/wp-content\/uploads\/2016\/12\/32-Pyrenees-catalanes-Espagne-Garrotxa-768x574@2x.jpg 1536w\" sizes=\"(max-width: 954px) 100vw, 954px\" \/><p id=\"caption-attachment-24657\" class=\"wp-caption-text\">NOTE DE VOYAGE \u2014 L&rsquo;homme est passionnant, affable, attentif \u00e0 notre confort . La cuisine, la terre, la Garrotxa, la discussion est charmante. Jesus nous pr\u00e9sente son h\u00f4tel \u00e0 quelques m\u00e8tres du restaurant : de grandes chambres confortables et \u00e9l\u00e9gantes. Atmosph\u00e8res traditionnelles et contemporaines. Pas mal du tout !<\/p><\/div>\n<h2>Besalu<\/h2>\n<p>Le petit village de Besalu a un grand pont me\u0301die\u0301val, des maisons en pierre, de belles ruelles et petites places pav\u00e9es. C&rsquo;est un village assez visit\u00e9, car il est tr\u00e8s pittoresque ! La vue depuis le pont est chouette.<\/p>\n<p>&nbsp;<\/p>\n<p><img loading=\"lazy\" decoding=\"async\" src=\"http:\/\/www.carnets-de-traverse.com\/blog\/wp-content\/uploads\/2016\/12\/34-Pyrenees-catalanes-Espagne-Besalu-712x1063.jpg\" style=\"margin-left: -83px;\" alt=\"Besalu, Garrotxa - Pyrenees catalanes, Espagne\" width=\"712\" height=\"1063\" class=\"alignnone size-large wp-image-24668\" srcset=\"https:\/\/www.carnets-de-traverse.com\/blog\/wp-content\/uploads\/2016\/12\/34-Pyrenees-catalanes-Espagne-Besalu-712x1063.jpg 712w, https:\/\/www.carnets-de-traverse.com\/blog\/wp-content\/uploads\/2016\/12\/34-Pyrenees-catalanes-Espagne-Besalu-550x821.jpg 550w, https:\/\/www.carnets-de-traverse.com\/blog\/wp-content\/uploads\/2016\/12\/34-Pyrenees-catalanes-Espagne-Besalu-768x1147.jpg 768w, https:\/\/www.carnets-de-traverse.com\/blog\/wp-content\/uploads\/2016\/12\/34-Pyrenees-catalanes-Espagne-Besalu-600x896.jpg 600w, https:\/\/www.carnets-de-traverse.com\/blog\/wp-content\/uploads\/2016\/12\/34-Pyrenees-catalanes-Espagne-Besalu.jpg 1424w, https:\/\/www.carnets-de-traverse.com\/blog\/wp-content\/uploads\/2016\/12\/34-Pyrenees-catalanes-Espagne-Besalu-550x821@2x.jpg 1100w\" sizes=\"(max-width: 712px) 100vw, 712px\" \/><\/p>\n<h2>\u00c0 visiter \/ \u00e0 faire dans la Garrotxa<\/h2>\n<ul>\n<li>Visiter le village de Santa Pau<\/li>\n<li>La Fageda d\u2019en Jorda\u0300, si vous aimez les for\u00eats, c&rsquo;est une grande he\u0302traie<\/li>\n<li>Volcan de Santa Margarida, avec petit ermitage au sommet<\/li>\n<li>Volcan du Croscat<\/li>\n<li>Village d\u2019Hostalets d\u2019en Bas<\/li>\n<li>La Garrotxa est une r\u00e9gion qui a l&rsquo;air sympa \u00e0 survoler en montgolfi\u00e8re : on n&rsquo;a pas test\u00e9 mais voici le <a href=\"https:\/\/www.carnetdescapades.com\" target=\"_blank\" class=\"broken_link\">r\u00e9cit de Laur\u00e8ne<\/a>\u00a0!<\/li>\n<\/ul>\n<h2>LA BELLE G\u00c9RONE<\/h2>\n<p>Une petite incartade en Costa Brava pour visiter la jolie G\u00e9rone.\u00a0Je vous avoue que le fait que ce soit un lieu de tournage de Game of Thrones a pas mal motiv\u00e9 le petit d\u00e9tour :)<\/p>\n<h2>Les lieux de tournage de Game of Thrones<\/h2>\n<p>Game of Thrones a \u00e9t\u00e9 film\u00e9 en Catalogne ! G\u00e9rone a \u00e9t\u00e9\u00a0le lieu de tournage de la ville de Port-R\u00e9al, Braavos et\u00a0Oldtown\u00a0!\u00a0<span class=\"_5mfr _47e3\"><img loading=\"lazy\" decoding=\"async\" class=\"img\" src=\"https:\/\/www.facebook.com\/images\/emoji.php\/v6\/f9e\/2\/16\/1f3a5.png\" alt=\"\" width=\"16\" height=\"16\" \/><\/span><span class=\"_5mfr _47e3\"><img loading=\"lazy\" decoding=\"async\" class=\"img\" src=\"https:\/\/www.facebook.com\/images\/emoji.php\/v6\/f60\/2\/16\/1f62e.png\" alt=\"\" width=\"16\" height=\"16\" \/><\/span><\/p>\n<p>Vous reconnaissez la cath\u00e9drale ? Elle est particuli\u00e8rement spectaculaire ! C&rsquo;est immense ! Et dans la vieille ville, on retrouve les petites rues pav\u00e9es de la saison 6 o\u00f9 Cersei, Arya, Tyrion&#8230; sont pass\u00e9s ! Juste cool.<\/p>\n<p>Est-ce qu&rsquo;il y a des fans parmi vous ? C&rsquo;est quelque chose \u00e0 voir&#8230;<\/p>\n<p>Parmi les lieux de tournage :<\/p>\n<ul>\n<li>l&rsquo;impressionnante Cath\u00e9drale Sainte Marie de G\u00e9rone, et ses graaaands escaliers !<\/li>\n<li>la Pla\u00e7a dels Jurats, une place de Braavos o\u00f9 l&rsquo;on a vu\u00a0Arya Stark\u00a0:) C&rsquo;est juste en descendant du parvis de la cath\u00e9drale.<\/li>\n<li>les Bains Arabes<\/li>\n<li>rue Ferran El Catolic, coques de bateaux, filets de p\u00eache et app\u00e2ts c&rsquo;est dans la s\u00e9rie un march\u00e9 maritime<\/li>\n<li>au croisement de la Pujada Sant Mart\u00ed et de la Pujada Sant Dom\u00e8nec,\u00a0en face du restaurant Bistrot, il y a\u00a0une rue vout\u00e9e, un lieu embl\u00e9matique du vieux quartier juif qui\u00a0a \u00e9t\u00e9 le lieu de tournage d&rsquo;une sc\u00e8ne de march\u00e9 de la s\u00e9rie ;)<\/li>\n<li>la Pujada de Sant Felu&#8230;<\/li>\n<\/ul>\n<p>Si vous voulez tout (sa)voir, il existe des <a href=\"https:\/\/www.partner.viator.com\/fr\/16847\/tours\/Girona\/Viator-Exclusive-Game-Of-Thrones-Guided-Day-Trip-to-Girona-from-Barcelona\/d23015-8444GIRONAGOT\" target=\"_blank\" class=\"broken_link\">visites guid\u00e9es des lieux de tournage Game of Thrones<\/a>\u00a0(en anglais) avec un guide qui connait tr\u00e8s bien la s\u00e9rie !<\/p>\n<p>&nbsp;<\/p>\n<p><img loading=\"lazy\" decoding=\"async\" class=\"alignnone size-large wp-image-24659\" src=\"http:\/\/www.carnets-de-traverse.com\/blog\/wp-content\/uploads\/2016\/12\/35-Catalogne-Espagne-Gerone-954x713.jpg\" style=\"margin-left: -204px;\" alt=\"G\u00e9rone - Catalogne, Espagne\" width=\"954\" height=\"713\" srcset=\"https:\/\/www.carnets-de-traverse.com\/blog\/wp-content\/uploads\/2016\/12\/35-Catalogne-Espagne-Gerone-954x713.jpg 954w, https:\/\/www.carnets-de-traverse.com\/blog\/wp-content\/uploads\/2016\/12\/35-Catalogne-Espagne-Gerone-550x411.jpg 550w, https:\/\/www.carnets-de-traverse.com\/blog\/wp-content\/uploads\/2016\/12\/35-Catalogne-Espagne-Gerone-768x574.jpg 768w, https:\/\/www.carnets-de-traverse.com\/blog\/wp-content\/uploads\/2016\/12\/35-Catalogne-Espagne-Gerone-600x448.jpg 600w, https:\/\/www.carnets-de-traverse.com\/blog\/wp-content\/uploads\/2016\/12\/35-Catalogne-Espagne-Gerone.jpg 1908w, https:\/\/www.carnets-de-traverse.com\/blog\/wp-content\/uploads\/2016\/12\/35-Catalogne-Espagne-Gerone-550x411@2x.jpg 1100w, https:\/\/www.carnets-de-traverse.com\/blog\/wp-content\/uploads\/2016\/12\/35-Catalogne-Espagne-Gerone-768x574@2x.jpg 1536w\" sizes=\"(max-width: 954px) 100vw, 954px\" \/><\/p>\n<h2>\u00c0\u00a0visiter \/ \u00e0 faire \u00e0 G\u00e9rone<\/h2>\n<p>La ville offre bien s\u00fbr bien plus que ces lieux de tournage :)<br \/>\nVoici quelques pistes :<\/p>\n<ul>\n<li>Tout le vieux quartier de G\u00e9rone, autrement dit le \u00ab\u00a0Barri Vell de Girona\u00a0\u00bb, le quartier juif, les petites rues escarp\u00e9es&#8230; Beaucoup de charme dans ces ruelles !<\/li>\n<li>Le tour des\u00a0fortifications de la ville \/ le chemin de ronde et dans la foul\u00e9e le Passeig Arqueolo\u0300gic, le Jardins dels Alemanys&#8230;<\/li>\n<li>Le pont Eiffel rouge, et les maisons color\u00e9e sur le fleuve Onyar<\/li>\n<li>De l&rsquo;autre c\u00f4t\u00e9 de l&rsquo;Onyar, la grande Pla\u00e7a de la Independ\u00e8ncia et ses arcades<\/li>\n<li>La visite des bains arabes (2\u20ac) est rapide et sympa ! Ce sont des bains tr\u00e8s anciens (12\u00e8me si\u00e8cle), inspir\u00e9s\u00a0des bains romains.\u00a0L&rsquo;entr\u00e9e\u00a0est ce qu&rsquo;il y a de plus beau (et c&rsquo;est la partie que l&rsquo;on voit dans la s\u00e9rie Game of Thrones), avec une\u00a0coupole et\u00a0de fines colonnes\u00a0; c&rsquo;\u00e9tait jadis le\u00a0vestiaire.<\/li>\n<\/ul>\n<h2>Nos bonnes adresses<\/h2>\n<p>POUR DORMIR<\/p>\n<ul>\n<li>Appartement <a href=\"http:\/\/alemanys5.com\/\" target=\"_blank\" class=\"broken_link\">Alemanys 5<\/a>. C&rsquo;est l\u00e0 o\u00f9 nous avons dormi ! Super bien plac\u00e9 juste dans le vieux quartier et juste derri\u00e8re la cath\u00e9drale, tr\u00e8s design \/ archi, mais on a malgr\u00e9 tout trouv\u00e9 l&rsquo;appartement un peu froid.<\/li>\n<li>D&rsquo;autres id\u00e9es pour dormir : dans une belle maison en pierres l&rsquo;appartement <a href=\"http:\/\/www.booking.com\/hotel\/es\/as-palau-dels-alemanys.fr.html?aid=388385\" target=\"_blank\">Paulau dels Alemanys<\/a>, toujours dans la vieille ville <a href=\"http:\/\/www.booking.com\/hotel\/es\/pricosa.fr.html?aid=388385\" target=\"_blank\">le Pri\u00e7osa<\/a>, le <a href=\"http:\/\/www.booking.com\/hotel\/es\/casa-cundaro.fr.html?aid=388385\" target=\"_blank\">Casa Cundaro<\/a>\u00a0et \u00e0 deux pas de la cath\u00e9drale la <a href=\"http:\/\/www.booking.com\/hotel\/es\/pensio-bellmirall.fr.html?aid=388385\" target=\"_blank\">pension Bellmirall<\/a>, \u00e0 quelques rues derri\u00e8re le <a href=\"http:\/\/www.booking.com\/hotel\/es\/sistach-rentals-portal-nou.fr.html?aid=388385\" target=\"_blank\">Sistach Rentals Portal Nou<\/a>\u00a0ou encore l&rsquo;<a href=\"http:\/\/www.booking.com\/hotel\/es\/nord-1901.fr.html?aid=388385\" target=\"_blank\">Hotel Nord 1901<\/a> pour sa piscine :) Citons aussi le bed &amp;\u00a0breakfast <a href=\"http:\/\/www.booking.com\/hotel\/es\/b-b-bells-oficis.fr.html?aid=388385\" target=\"_blank\">Bells Oficis<\/a> et ses jolis balcons sur la ville. Si vous voulez vous \u00e9loigner un peu, regardez aussi le beau <a href=\"http:\/\/www.booking.com\/hotel\/es\/montjuic-bed-amp-breakfast.fr.html?aid=388385\" target=\"_blank\">Montjuic B&amp;B<\/a>\u00a0!<\/li>\n<\/ul>\n<p>POUR MANGER \/ FAIRE UNE PAUSE<\/p>\n<ul>\n<li>Le restaurant <a href=\"https:\/\/fr.foursquare.com\/v\/llevataps\/4e4ed3e8fa7626401ea12ed8\" target=\"_blank\">Llevataps<\/a>\u00a0: DIVIN !<\/li>\n<li>Le glacier <a href=\"http:\/\/rocambolesc.com\/\" target=\"_blank\" class=\"broken_link\">Rocambolesc<\/a>\u00a0(des fr\u00e8res Roca qui sont connus ici !), de tr\u00e8s bonnes glaces et toujours originales (la Dark Vador, la \u00ab\u00a0Main du Roi\u00a0\u00bb,&#8230;)<\/li>\n<li>Si vous avez envie d&rsquo;un chocolat chaud, la\u00a0chocolaterie l\u2019Antiga\u00a0(sur la Pla\u00e7a del Vi) est une institution \u00e0 G\u00e9rone :)<\/li>\n<\/ul>\n<h2>DEUX AUTRES VISITES EN CATALOGNE<\/h2>\n<h2>Agramunt et ses turrons !<\/h2>\n<p>\u00c0 Agramunt tout le monde vient pour les turrons, les fameux nougats catalans !!<\/p>\n<p>La recette de la famille Vicens est \u00e9videmment ancestrale et secr\u00e8te. Mais on peut voir les ateliers et il y a aussi un petit mus\u00e9e qui explique tout l&rsquo;historique avec les anciennes affiches, les outils, les photos&#8230; Sympa et cool pour ramener des petits cadeaux pour tout le monde.<\/p>\n<p>Il font aussi des chocolats !! Ceux d&rsquo;Albert Adria (le fr\u00e8re du fameux chef Ferran Adria) sont tous originaux et super bons. Non loin des ateliers, il y a la <a href=\"http:\/\/www.vicensonline.com\/es\/chocolate-jolonch\" target=\"_blank\" class=\"broken_link\">chocolaterie Jolonch<\/a>, o\u00f9 vous pouvez prendre un chocolat chaud \u00ab\u00a0\u00e0 la pierre\u00a0\u00bb (issu d&rsquo;une technique tr\u00e8s ancienne qui consiste \u00e0 \u00e9craser les f\u00e8ves de cacao sous un gros rouleau de pierre), et s&rsquo;il fait trop chaud, il y a des glaces :D<\/p>\n<p>Bonne adresse pour le d\u00e9jeuner :\u00a0<a href=\"http:\/\/www.atipic.me\/index.php\" target=\"_blank\">Restaurant Ati\u0301pic<\/a> ! On a droit \u00e0 un menu sp\u00e9cial touron et chocolat \u00e0 la pierre, les sp\u00e9cialit\u00e9s de la ville ! Oeuf a\u0300 68\u00b0, girolles, c\u00e8pes, truffes et praline de touron d\u2019Agramunt, puis\u00a0cabillaud, cre\u0301meux de touron doux et croquant de patate douce, joue de boeuf au chocolat a\u0300 la pierre et menthe, textures de chocolat et touron&#8230; Voil\u00e0 \u00e0 quoi vous attendre ! Le resto est \u00e0 la fois cr\u00e9atif \/ gastronomique et tr\u00e8s d\u00e9tendu, sympa.<\/p>\n<p>&nbsp;<\/p>\n<p><img loading=\"lazy\" decoding=\"async\" class=\"alignnone size-large wp-image-24660\" src=\"http:\/\/www.carnets-de-traverse.com\/blog\/wp-content\/uploads\/2016\/12\/36-Catalogne-Turrons-Agramunt-Vicens-954x348.jpg\" style=\"margin-left: -204px;\" alt=\"Turron d'Agramunt, Vicens - Catalogne\" width=\"954\" height=\"348\" srcset=\"https:\/\/www.carnets-de-traverse.com\/blog\/wp-content\/uploads\/2016\/12\/36-Catalogne-Turrons-Agramunt-Vicens-954x348.jpg 954w, https:\/\/www.carnets-de-traverse.com\/blog\/wp-content\/uploads\/2016\/12\/36-Catalogne-Turrons-Agramunt-Vicens-550x200.jpg 550w, https:\/\/www.carnets-de-traverse.com\/blog\/wp-content\/uploads\/2016\/12\/36-Catalogne-Turrons-Agramunt-Vicens-768x280.jpg 768w, https:\/\/www.carnets-de-traverse.com\/blog\/wp-content\/uploads\/2016\/12\/36-Catalogne-Turrons-Agramunt-Vicens-600x219.jpg 600w, https:\/\/www.carnets-de-traverse.com\/blog\/wp-content\/uploads\/2016\/12\/36-Catalogne-Turrons-Agramunt-Vicens.jpg 1908w, https:\/\/www.carnets-de-traverse.com\/blog\/wp-content\/uploads\/2016\/12\/36-Catalogne-Turrons-Agramunt-Vicens-550x200@2x.jpg 1100w, https:\/\/www.carnets-de-traverse.com\/blog\/wp-content\/uploads\/2016\/12\/36-Catalogne-Turrons-Agramunt-Vicens-768x280@2x.jpg 1536w\" sizes=\"(max-width: 954px) 100vw, 954px\" \/><\/p>\n<h2>Un grand march\u00e9 aux puces<\/h2>\n<p>On vous donne une derni\u00e8re adresse bien qu&rsquo;on n&rsquo;ait pas eu le temps de la tester : <a href=\"http:\/\/www.mercantic.com\" target=\"_blank\">Mercantic<\/a>, marche\u0301 aux puces, brocanteur et vintage, a\u0300 Sant Cugat del Valle\u0300s ! <a href=\"http:\/\/www.catalunyaexperience.fr\/la-catalogne-par-region\/costa-de-barcelona\/escapade-vintage-en-catalogne\" target=\"_blank\">Vu les photos<\/a> \u00e7a a l&rsquo;air top pour les amoureux de brocantes et autres vide-greniers :)<\/p>\n<h2>TOUT SUR LA CATALOGNE<\/h2>\n<p>C&rsquo;est une destination dont on parle beaucoup sur ce blog ! Vous pouvez d\u00e9couvrir d&rsquo;autres facettes de la r\u00e9gion, plus ou moins m\u00e9connues :<\/p>\n<ul>\n<li><a href=\"http:\/\/www.carnets-de-traverse.com\/blog\/carnet-voyage-road-trip-catalogne-1\">Road trip dans le sud de la\u00a0Catalogne #1<\/a><\/li>\n<li><a href=\"http:\/\/www.carnets-de-traverse.com\/blog\/carnet-voyage-road-trip-catalogne-2\">Road trip dans le sud de la Catalogne #2<\/a><\/li>\n<li><a href=\"http:\/\/www.carnets-de-traverse.com\/blog\/delta-de-lebre-catalogne\">Le Delta de l&rsquo;Ebre<\/a><\/li>\n<li><a href=\"http:\/\/www.carnets-de-traverse.com\/blog\/a-faire-en-catalogne\" target=\"_blank\">10 choses \u00e0\u00a0faire en Catalogne<\/a><\/li>\n<li>Notre <a href=\"http:\/\/www.carnets-de-traverse.com\/blog\/catalogne-guide-voyage\">guide de voyage en Catalogne<\/a> qui r\u00e9capitule un peu tout<\/li>\n<li>&#8230; bien s\u00fbr n&rsquo;oubliez quand m\u00eame pas <a href=\"http:\/\/www.carnets-de-traverse.com\/blog\/rues-de-barcelone\">de visiter Barcelone<\/a> ! :)<\/li>\n<\/ul>\n<p>&nbsp;<\/p>\n<p>Voil\u00e0 on esp\u00e8re que cela vous a plu et donn\u00e9 envie d&rsquo;explorer les Pyr\u00e9n\u00e9es\u00a0catalanes !!<\/p>\n<p>\u00c0 tr\u00e8s vite pour de nouvelles aventures !<\/p>\n<p>&nbsp;<\/p>\n<p><em>Ce voyage est le fruit d\u2019un partenariat avec <a href=\"http:\/\/www.catalunyaexperience.fr\/\" target=\"_blank\">Catalunya Experience<\/a>. Nous gardons toute notre libert\u00e9 \u00e9ditoriale comme d\u2019habitude !<\/em><\/p>\n","protected":false},"excerpt":{"rendered":"<p>Destination les superbes Pyr\u00e9n\u00e9es catalanes ! Tr\u00e8s bel itin\u00e9raire d&rsquo;1 semaine entre Garrotxa, Aiguestortes, Val d&rsquo;Aran&#8230;<\/p>\n","protected":false},"author":19,"featured_media":24606,"comment_status":"open","ping_status":"open","sticky":false,"template":"","format":"standard","meta":{"footnotes":""},"categories":[143,119],"tags":[23,134,135,56],"class_list":["post-24534","post","type-post","status-publish","format-standard","has-post-thumbnail","hentry","category-catalogne","category-espagne","tag-carte-itineraire","tag-leica-m9","tag-nature","tag-road-trip"],"yoast_head":"<!-- This site is optimized with the Yoast SEO Premium plugin v17.9 (Yoast SEO v24.9) - https:\/\/yoast.com\/wordpress\/plugins\/seo\/ -->\n<title>Road trip dans les Pyr\u00e9n\u00e9es catalanes ! \u2014 Blog voyage Espagne<\/title>\n<meta name=\"description\" content=\"Destination les superbes Pyr\u00e9n\u00e9es catalanes ! 1 semaine entre Garrotxa, G\u00e9rone, B\u00e9salu, Vic, Aiguestortes, Vall de Boi, Val d&#039;Aran... \u2014 Road trip en Espagne\" \/>\n<meta name=\"robots\" content=\"index, follow, max-snippet:-1, max-image-preview:large, max-video-preview:-1\" \/>\n<link rel=\"canonical\" href=\"https:\/\/www.carnets-de-traverse.com\/blog\/visiter-pyrenees-catalanes-espagne\" \/>\n<meta property=\"og:locale\" content=\"fr_FR\" \/>\n<meta property=\"og:type\" content=\"article\" \/>\n<meta property=\"og:title\" content=\"Road trip en Catalogne : les plus belles routes et paysages des Pyr\u00e9n\u00e9es !\" \/>\n<meta property=\"og:description\" content=\"Destination les superbes Pyr\u00e9n\u00e9es catalanes ! 1 semaine entre Garrotxa, G\u00e9rone, B\u00e9salu, Vic, Aiguestortes, Vall de Boi, Val d&#039;Aran... \u2014 Road trip en Espagne\" \/>\n<meta property=\"og:url\" content=\"https:\/\/www.carnets-de-traverse.com\/blog\/visiter-pyrenees-catalanes-espagne\" \/>\n<meta property=\"og:site_name\" content=\"\u2716 Carnets de traverse\" \/>\n<meta property=\"article:author\" content=\"https:\/\/www.facebook.com\/carnetsdetraverse\" \/>\n<meta property=\"article:published_time\" content=\"2016-12-31T12:25:07+00:00\" \/>\n<meta property=\"article:modified_time\" content=\"2019-01-20T17:08:57+00:00\" \/>\n<meta property=\"og:image\" content=\"https:\/\/www.carnets-de-traverse.com\/blog\/wp-content\/uploads\/2016\/12\/08-Pyrenees-catalanes-Espagne-Aiguestortes.jpg\" \/>\n\t<meta property=\"og:image:width\" content=\"1908\" \/>\n\t<meta property=\"og:image:height\" content=\"1249\" \/>\n\t<meta property=\"og:image:type\" content=\"image\/jpeg\" \/>\n<meta name=\"author\" content=\"Julie + Renaud\" \/>\n<meta name=\"twitter:card\" content=\"summary_large_image\" \/>\n<meta name=\"twitter:creator\" content=\"@CarnetsTraverse\" \/>\n<meta name=\"twitter:label1\" content=\"\u00c9crit par\" \/>\n\t<meta name=\"twitter:data1\" content=\"Julie + Renaud\" \/>\n\t<meta name=\"twitter:label2\" content=\"Dur\u00e9e de lecture estim\u00e9e\" \/>\n\t<meta name=\"twitter:data2\" content=\"24 minutes\" \/>\n<script type=\"application\/ld+json\" class=\"yoast-schema-graph\">{\"@context\":\"https:\/\/schema.org\",\"@graph\":[{\"@type\":\"WebPage\",\"@id\":\"https:\/\/www.carnets-de-traverse.com\/blog\/visiter-pyrenees-catalanes-espagne\",\"url\":\"https:\/\/www.carnets-de-traverse.com\/blog\/visiter-pyrenees-catalanes-espagne\",\"name\":\"Road trip dans les Pyr\u00e9n\u00e9es catalanes ! \u2014 Blog voyage Espagne\",\"isPartOf\":{\"@id\":\"https:\/\/www.carnets-de-traverse.com\/blog\/#website\"},\"primaryImageOfPage\":{\"@id\":\"https:\/\/www.carnets-de-traverse.com\/blog\/visiter-pyrenees-catalanes-espagne#primaryimage\"},\"image\":{\"@id\":\"https:\/\/www.carnets-de-traverse.com\/blog\/visiter-pyrenees-catalanes-espagne#primaryimage\"},\"thumbnailUrl\":\"https:\/\/www.carnets-de-traverse.com\/blog\/wp-content\/uploads\/2016\/12\/08-Pyrenees-catalanes-Espagne-Aiguestortes.jpg\",\"datePublished\":\"2016-12-31T12:25:07+00:00\",\"dateModified\":\"2019-01-20T17:08:57+00:00\",\"author\":{\"@id\":\"https:\/\/www.carnets-de-traverse.com\/blog\/#\/schema\/person\/f0f0272c502af7b834e8274360c4a561\"},\"description\":\"Destination les superbes Pyr\u00e9n\u00e9es catalanes ! 1 semaine entre Garrotxa, G\u00e9rone, B\u00e9salu, Vic, Aiguestortes, Vall de Boi, Val d'Aran... \u2014 Road trip en Espagne\",\"breadcrumb\":{\"@id\":\"https:\/\/www.carnets-de-traverse.com\/blog\/visiter-pyrenees-catalanes-espagne#breadcrumb\"},\"inLanguage\":\"fr-FR\",\"potentialAction\":[{\"@type\":\"ReadAction\",\"target\":[\"https:\/\/www.carnets-de-traverse.com\/blog\/visiter-pyrenees-catalanes-espagne\"]}]},{\"@type\":\"ImageObject\",\"inLanguage\":\"fr-FR\",\"@id\":\"https:\/\/www.carnets-de-traverse.com\/blog\/visiter-pyrenees-catalanes-espagne#primaryimage\",\"url\":\"https:\/\/www.carnets-de-traverse.com\/blog\/wp-content\/uploads\/2016\/12\/08-Pyrenees-catalanes-Espagne-Aiguestortes.jpg\",\"contentUrl\":\"https:\/\/www.carnets-de-traverse.com\/blog\/wp-content\/uploads\/2016\/12\/08-Pyrenees-catalanes-Espagne-Aiguestortes.jpg\",\"width\":1908,\"height\":1249,\"caption\":\"NOTE DE VOYAGE \u2014 Au loin : l'Estany de la Llebreta. La transparence du petit lac a disparu en un instant, le vent agitant sa surface par ruades.\"},{\"@type\":\"BreadcrumbList\",\"@id\":\"https:\/\/www.carnets-de-traverse.com\/blog\/visiter-pyrenees-catalanes-espagne#breadcrumb\",\"itemListElement\":[{\"@type\":\"ListItem\",\"position\":1,\"name\":\"Accueil\",\"item\":\"https:\/\/www.carnets-de-traverse.com\/blog\"},{\"@type\":\"ListItem\",\"position\":2,\"name\":\"Road trip en Catalogne : les plus belles routes et paysages des Pyr\u00e9n\u00e9es !\"}]},{\"@type\":\"WebSite\",\"@id\":\"https:\/\/www.carnets-de-traverse.com\/blog\/#website\",\"url\":\"https:\/\/www.carnets-de-traverse.com\/blog\/\",\"name\":\"\u2716 Carnets de traverse\",\"description\":\"Blog voyage, photographie et carnets de voyage\",\"potentialAction\":[{\"@type\":\"SearchAction\",\"target\":{\"@type\":\"EntryPoint\",\"urlTemplate\":\"https:\/\/www.carnets-de-traverse.com\/blog\/?s={search_term_string}\"},\"query-input\":{\"@type\":\"PropertyValueSpecification\",\"valueRequired\":true,\"valueName\":\"search_term_string\"}}],\"inLanguage\":\"fr-FR\"},{\"@type\":\"Person\",\"@id\":\"https:\/\/www.carnets-de-traverse.com\/blog\/#\/schema\/person\/f0f0272c502af7b834e8274360c4a561\",\"name\":\"Julie + Renaud\",\"image\":{\"@type\":\"ImageObject\",\"inLanguage\":\"fr-FR\",\"@id\":\"https:\/\/www.carnets-de-traverse.com\/blog\/#\/schema\/person\/image\/\",\"url\":\"https:\/\/secure.gravatar.com\/avatar\/7bd790550582f89c8bf5d592bcb583013d0376c33befb7feb5377523f59adac8?s=96&d=mm&r=g\",\"contentUrl\":\"https:\/\/secure.gravatar.com\/avatar\/7bd790550582f89c8bf5d592bcb583013d0376c33befb7feb5377523f59adac8?s=96&d=mm&r=g\",\"caption\":\"Julie + Renaud\"},\"description\":\"Blog de voyage depuis 2007 \u2014 Renaud &amp; Louise partagent \u00e0 travers Carnets de traverse leurs belles exp\u00e9riences de voyages \u2014 d'inspirants carnets de voyage, de bons conseils pour de magnifiques road trips, des city guides cools et de belles adresses d'h\u00f4tels. Un blog indispensable pour rechercher toute son inspiration voyage !\",\"sameAs\":[\"https:\/\/www.carnets-de-traverse.com\/\",\"https:\/\/www.facebook.com\/carnetsdetraverse\",\"https:\/\/x.com\/CarnetsTraverse\"],\"url\":\"https:\/\/www.carnets-de-traverse.com\/blog\/author\/julie-renaud\"}]}<\/script>\n<!-- \/ Yoast SEO Premium plugin. -->","yoast_head_json":{"title":"Road trip dans les Pyr\u00e9n\u00e9es catalanes ! \u2014 Blog voyage Espagne","description":"Destination les superbes Pyr\u00e9n\u00e9es catalanes ! 1 semaine entre Garrotxa, G\u00e9rone, B\u00e9salu, Vic, Aiguestortes, Vall de Boi, Val d'Aran... \u2014 Road trip en Espagne","robots":{"index":"index","follow":"follow","max-snippet":"max-snippet:-1","max-image-preview":"max-image-preview:large","max-video-preview":"max-video-preview:-1"},"canonical":"https:\/\/www.carnets-de-traverse.com\/blog\/visiter-pyrenees-catalanes-espagne","og_locale":"fr_FR","og_type":"article","og_title":"Road trip en Catalogne : les plus belles routes et paysages des Pyr\u00e9n\u00e9es !","og_description":"Destination les superbes Pyr\u00e9n\u00e9es catalanes ! 1 semaine entre Garrotxa, G\u00e9rone, B\u00e9salu, Vic, Aiguestortes, Vall de Boi, Val d'Aran... \u2014 Road trip en Espagne","og_url":"https:\/\/www.carnets-de-traverse.com\/blog\/visiter-pyrenees-catalanes-espagne","og_site_name":"\u2716 Carnets de traverse","article_author":"https:\/\/www.facebook.com\/carnetsdetraverse","article_published_time":"2016-12-31T12:25:07+00:00","article_modified_time":"2019-01-20T17:08:57+00:00","og_image":[{"width":1908,"height":1249,"url":"https:\/\/www.carnets-de-traverse.com\/blog\/wp-content\/uploads\/2016\/12\/08-Pyrenees-catalanes-Espagne-Aiguestortes.jpg","type":"image\/jpeg"}],"author":"Julie + Renaud","twitter_card":"summary_large_image","twitter_creator":"@CarnetsTraverse","twitter_misc":{"\u00c9crit par":"Julie + Renaud","Dur\u00e9e de lecture estim\u00e9e":"24 minutes"},"schema":{"@context":"https:\/\/schema.org","@graph":[{"@type":"WebPage","@id":"https:\/\/www.carnets-de-traverse.com\/blog\/visiter-pyrenees-catalanes-espagne","url":"https:\/\/www.carnets-de-traverse.com\/blog\/visiter-pyrenees-catalanes-espagne","name":"Road trip dans les Pyr\u00e9n\u00e9es catalanes ! \u2014 Blog voyage Espagne","isPartOf":{"@id":"https:\/\/www.carnets-de-traverse.com\/blog\/#website"},"primaryImageOfPage":{"@id":"https:\/\/www.carnets-de-traverse.com\/blog\/visiter-pyrenees-catalanes-espagne#primaryimage"},"image":{"@id":"https:\/\/www.carnets-de-traverse.com\/blog\/visiter-pyrenees-catalanes-espagne#primaryimage"},"thumbnailUrl":"https:\/\/www.carnets-de-traverse.com\/blog\/wp-content\/uploads\/2016\/12\/08-Pyrenees-catalanes-Espagne-Aiguestortes.jpg","datePublished":"2016-12-31T12:25:07+00:00","dateModified":"2019-01-20T17:08:57+00:00","author":{"@id":"https:\/\/www.carnets-de-traverse.com\/blog\/#\/schema\/person\/f0f0272c502af7b834e8274360c4a561"},"description":"Destination les superbes Pyr\u00e9n\u00e9es catalanes ! 1 semaine entre Garrotxa, G\u00e9rone, B\u00e9salu, Vic, Aiguestortes, Vall de Boi, Val d'Aran... \u2014 Road trip en Espagne","breadcrumb":{"@id":"https:\/\/www.carnets-de-traverse.com\/blog\/visiter-pyrenees-catalanes-espagne#breadcrumb"},"inLanguage":"fr-FR","potentialAction":[{"@type":"ReadAction","target":["https:\/\/www.carnets-de-traverse.com\/blog\/visiter-pyrenees-catalanes-espagne"]}]},{"@type":"ImageObject","inLanguage":"fr-FR","@id":"https:\/\/www.carnets-de-traverse.com\/blog\/visiter-pyrenees-catalanes-espagne#primaryimage","url":"https:\/\/www.carnets-de-traverse.com\/blog\/wp-content\/uploads\/2016\/12\/08-Pyrenees-catalanes-Espagne-Aiguestortes.jpg","contentUrl":"https:\/\/www.carnets-de-traverse.com\/blog\/wp-content\/uploads\/2016\/12\/08-Pyrenees-catalanes-Espagne-Aiguestortes.jpg","width":1908,"height":1249,"caption":"NOTE DE VOYAGE \u2014 Au loin : l'Estany de la Llebreta. La transparence du petit lac a disparu en un instant, le vent agitant sa surface par ruades."},{"@type":"BreadcrumbList","@id":"https:\/\/www.carnets-de-traverse.com\/blog\/visiter-pyrenees-catalanes-espagne#breadcrumb","itemListElement":[{"@type":"ListItem","position":1,"name":"Accueil","item":"https:\/\/www.carnets-de-traverse.com\/blog"},{"@type":"ListItem","position":2,"name":"Road trip en Catalogne : les plus belles routes et paysages des Pyr\u00e9n\u00e9es !"}]},{"@type":"WebSite","@id":"https:\/\/www.carnets-de-traverse.com\/blog\/#website","url":"https:\/\/www.carnets-de-traverse.com\/blog\/","name":"\u2716 Carnets de traverse","description":"Blog voyage, photographie et carnets de voyage","potentialAction":[{"@type":"SearchAction","target":{"@type":"EntryPoint","urlTemplate":"https:\/\/www.carnets-de-traverse.com\/blog\/?s={search_term_string}"},"query-input":{"@type":"PropertyValueSpecification","valueRequired":true,"valueName":"search_term_string"}}],"inLanguage":"fr-FR"},{"@type":"Person","@id":"https:\/\/www.carnets-de-traverse.com\/blog\/#\/schema\/person\/f0f0272c502af7b834e8274360c4a561","name":"Julie + Renaud","image":{"@type":"ImageObject","inLanguage":"fr-FR","@id":"https:\/\/www.carnets-de-traverse.com\/blog\/#\/schema\/person\/image\/","url":"https:\/\/secure.gravatar.com\/avatar\/7bd790550582f89c8bf5d592bcb583013d0376c33befb7feb5377523f59adac8?s=96&d=mm&r=g","contentUrl":"https:\/\/secure.gravatar.com\/avatar\/7bd790550582f89c8bf5d592bcb583013d0376c33befb7feb5377523f59adac8?s=96&d=mm&r=g","caption":"Julie + Renaud"},"description":"Blog de voyage depuis 2007 \u2014 Renaud &amp; Louise partagent \u00e0 travers Carnets de traverse leurs belles exp\u00e9riences de voyages \u2014 d'inspirants carnets de voyage, de bons conseils pour de magnifiques road trips, des city guides cools et de belles adresses d'h\u00f4tels. Un blog indispensable pour rechercher toute son inspiration voyage !","sameAs":["https:\/\/www.carnets-de-traverse.com\/","https:\/\/www.facebook.com\/carnetsdetraverse","https:\/\/x.com\/CarnetsTraverse"],"url":"https:\/\/www.carnets-de-traverse.com\/blog\/author\/julie-renaud"}]}},"_links":{"self":[{"href":"https:\/\/www.carnets-de-traverse.com\/blog\/wp-json\/wp\/v2\/posts\/24534","targetHints":{"allow":["GET"]}}],"collection":[{"href":"https:\/\/www.carnets-de-traverse.com\/blog\/wp-json\/wp\/v2\/posts"}],"about":[{"href":"https:\/\/www.carnets-de-traverse.com\/blog\/wp-json\/wp\/v2\/types\/post"}],"author":[{"embeddable":true,"href":"https:\/\/www.carnets-de-traverse.com\/blog\/wp-json\/wp\/v2\/users\/19"}],"replies":[{"embeddable":true,"href":"https:\/\/www.carnets-de-traverse.com\/blog\/wp-json\/wp\/v2\/comments?post=24534"}],"version-history":[{"count":0,"href":"https:\/\/www.carnets-de-traverse.com\/blog\/wp-json\/wp\/v2\/posts\/24534\/revisions"}],"wp:featuredmedia":[{"embeddable":true,"href":"https:\/\/www.carnets-de-traverse.com\/blog\/wp-json\/wp\/v2\/media\/24606"}],"wp:attachment":[{"href":"https:\/\/www.carnets-de-traverse.com\/blog\/wp-json\/wp\/v2\/media?parent=24534"}],"wp:term":[{"taxonomy":"category","embeddable":true,"href":"https:\/\/www.carnets-de-traverse.com\/blog\/wp-json\/wp\/v2\/categories?post=24534"},{"taxonomy":"post_tag","embeddable":true,"href":"https:\/\/www.carnets-de-traverse.com\/blog\/wp-json\/wp\/v2\/tags?post=24534"}],"curies":[{"name":"wp","href":"https:\/\/api.w.org\/{rel}","templated":true}]}}