{"id":2914,"date":"2012-04-02T08:26:25","date_gmt":"2012-04-02T06:26:25","guid":{"rendered":"http:\/\/www.carnets-de-traverse.com\/blog\/?p=2914"},"modified":"2019-01-19T23:49:42","modified_gmt":"2019-01-19T22:49:42","slug":"terrasse-vegetarienne-guimaraes","status":"publish","type":"post","link":"https:\/\/www.carnets-de-traverse.com\/blog\/terrasse-vegetarienne-guimaraes","title":{"rendered":"Terrasse v\u00e9g\u00e9tarienne \u00e0 Guimar\u00e3es"},"content":{"rendered":"<p>Id\u00e9alement plac\u00e9 pour r\u00e9cup\u00e9rer apr\u00e8s la visite du palais des ducs de Bragance, ce restaurant est particuli\u00e8rement agr\u00e9able aux beaux jours, gr\u00e2ce \u00e0 une superbe terrasse arbor\u00e9e et une ambiance exquise de campagne dans la ville.<\/p>\n<p><img fetchpriority=\"high\" decoding=\"async\" class=\"alignnone size-full wp-image-3472\" title=\"Restaurant terrasse Guimar\u00e3es\" src=\"http:\/\/www.carnets-de-traverse.com\/blog\/wp-content\/uploads\/2012\/04\/L10052231.jpg\" alt=\"Restaurant terrasse Guimar\u00e3es\" width=\"750\" height=\"499\" srcset=\"https:\/\/www.carnets-de-traverse.com\/blog\/wp-content\/uploads\/2012\/04\/L10052231.jpg 750w, https:\/\/www.carnets-de-traverse.com\/blog\/wp-content\/uploads\/2012\/04\/L10052231-300x199.jpg 300w\" sizes=\"(max-width: 750px) 100vw, 750px\" \/><\/p>\n<div class=\"left blockMore\">Cette bonne adresse est extraite du livre <a href=\"http:\/\/www.carnets-de-traverse.com\/boutique\/livres\/7-voyage-portugal.html\" class=\"broken_link\">Portugal, itin\u00e9raires de voyageurs<\/a><\/div>\n<p>Les plats sont d\u00e9licieux et la pause si plaisante qu\u2019on la prolonge : entr\u00e9e, jus de fruits, plat, dessert, caf\u00e9&#8230; Essayez par exemple l&rsquo;<em>Aguia Real<\/em>, sorte de lasagne v\u00e9g\u00e9tarienne servie avec une salade aux p\u00e9tales de fleurs (5 \u20ac).<\/p>\n<div class=\"left blockMore img\"><a href=\"http:\/\/www.carnets-de-traverse.com\/boutique\/livres\/7-voyage-portugal.html\" class=\"broken_link\"><img decoding=\"async\" src=\"\/blog\/wp-content\/uploads\/2012\/02\/portugal-pi.jpg\" alt=\"Carnet de voyage au Portugal\" \/><\/a><\/div>\n<div id=\"attachment_3476\" style=\"width: 760px\" class=\"wp-caption alignnone\"><img decoding=\"async\" aria-describedby=\"caption-attachment-3476\" class=\"size-full wp-image-3476\" title=\"Champignons grill\u00e9s\" src=\"http:\/\/www.carnets-de-traverse.com\/blog\/wp-content\/uploads\/2012\/04\/IMG_2163.jpg\" alt=\"Champignons grill\u00e9s\" width=\"750\" height=\"500\" srcset=\"https:\/\/www.carnets-de-traverse.com\/blog\/wp-content\/uploads\/2012\/04\/IMG_2163.jpg 750w, https:\/\/www.carnets-de-traverse.com\/blog\/wp-content\/uploads\/2012\/04\/IMG_2163-300x200.jpg 300w\" sizes=\"(max-width: 750px) 100vw, 750px\" \/><p id=\"caption-attachment-3476\" class=\"wp-caption-text\">Champignons grill\u00e9s avec les c\u00e9r\u00e9ales du jour et salade croquante (9,80\u20ac)<\/p><\/div>\n<div id=\"attachment_3477\" style=\"width: 760px\" class=\"wp-caption alignnone\"><img decoding=\"async\" aria-describedby=\"caption-attachment-3477\" class=\"size-full wp-image-3477\" title=\"Jus de fruits frais\" src=\"http:\/\/www.carnets-de-traverse.com\/blog\/wp-content\/uploads\/2012\/04\/IMG_2161.jpg\" alt=\"Jus de fruits frais\" width=\"750\" height=\"500\" srcset=\"https:\/\/www.carnets-de-traverse.com\/blog\/wp-content\/uploads\/2012\/04\/IMG_2161.jpg 750w, https:\/\/www.carnets-de-traverse.com\/blog\/wp-content\/uploads\/2012\/04\/IMG_2161-300x200.jpg 300w\" sizes=\"(max-width: 750px) 100vw, 750px\" \/><p id=\"caption-attachment-3477\" class=\"wp-caption-text\">Jus de fruits frais press\u00e9s \u00e0 la demande<\/p><\/div>\n<p><img loading=\"lazy\" decoding=\"async\" class=\"alignnone size-full wp-image-3478\" title=\"Fromage portugais\" src=\"http:\/\/www.carnets-de-traverse.com\/blog\/wp-content\/uploads\/2012\/04\/IMG_2159.jpg\" alt=\"Fromage portugais\" width=\"750\" height=\"500\" srcset=\"https:\/\/www.carnets-de-traverse.com\/blog\/wp-content\/uploads\/2012\/04\/IMG_2159.jpg 750w, https:\/\/www.carnets-de-traverse.com\/blog\/wp-content\/uploads\/2012\/04\/IMG_2159-300x200.jpg 300w\" sizes=\"(max-width: 750px) 100vw, 750px\" \/><\/p>\n<p>Je suis plut\u00f4t du genre carnivore, mais j&rsquo;ai tout de m\u00eame ador\u00e9 cette escale v\u00e9g\u00e9tarienne !<\/p>\n<p>Cor de Tangerina est aussi une coop\u00e9rative de produits naturels (au rez-de-chauss\u00e9e) o\u00f9 vous pouvez acheter de bons produits issus du commerce \u00e9quitable et de l&rsquo;agriculture biologique.<\/p>\n<p>Ferm\u00e9 le lundi.<\/p>\n","protected":false},"excerpt":{"rendered":"<p>Id\u00e9alement plac\u00e9 pour r\u00e9cup\u00e9rer apr\u00e8s la visite du palais des ducs de Bragance, ce restaurant est particuli\u00e8rement agr\u00e9able aux beaux jours, gr\u00e2ce \u00e0 une superbe terrasse arbor\u00e9e et une ambiance exquise de campagne dans la ville. Cette bonne adresse est extraite du livre Portugal, itin\u00e9raires de voyageurs Les plats sont d\u00e9licieux et la pause si [&hellip;]<\/p>\n","protected":false},"author":19,"featured_media":3472,"comment_status":"open","ping_status":"open","sticky":false,"template":"","format":"standard","meta":{"footnotes":""},"categories":[5],"tags":[20],"class_list":["post-2914","post","type-post","status-publish","format-standard","has-post-thumbnail","hentry","category-portugal","tag-restaurant"],"yoast_head":"<!-- This site is optimized with the Yoast SEO Premium plugin v17.9 (Yoast SEO v24.9) - https:\/\/yoast.com\/wordpress\/plugins\/seo\/ -->\n<title>Terrasse v\u00e9g\u00e9tarienne \u00e0 Guimar\u00e3es - \u2716 Carnets de traverse<\/title>\n<meta name=\"robots\" content=\"index, follow, max-snippet:-1, max-image-preview:large, max-video-preview:-1\" \/>\n<link rel=\"canonical\" href=\"https:\/\/www.carnets-de-traverse.com\/blog\/terrasse-vegetarienne-guimaraes\" \/>\n<meta property=\"og:locale\" content=\"fr_FR\" \/>\n<meta property=\"og:type\" content=\"article\" \/>\n<meta property=\"og:title\" content=\"Terrasse v\u00e9g\u00e9tarienne \u00e0 Guimar\u00e3es\" \/>\n<meta property=\"og:description\" content=\"Id\u00e9alement plac\u00e9 pour r\u00e9cup\u00e9rer apr\u00e8s la visite du palais des ducs de Bragance, ce restaurant est particuli\u00e8rement agr\u00e9able aux beaux jours, gr\u00e2ce \u00e0 une superbe terrasse arbor\u00e9e et une ambiance exquise de campagne dans la ville. Cette bonne adresse est extraite du livre Portugal, itin\u00e9raires de voyageurs Les plats sont d\u00e9licieux et la pause si [&hellip;]\" \/>\n<meta property=\"og:url\" content=\"https:\/\/www.carnets-de-traverse.com\/blog\/terrasse-vegetarienne-guimaraes\" \/>\n<meta property=\"og:site_name\" content=\"\u2716 Carnets de traverse\" \/>\n<meta property=\"article:author\" content=\"https:\/\/www.facebook.com\/carnetsdetraverse\" \/>\n<meta property=\"article:published_time\" content=\"2012-04-02T06:26:25+00:00\" \/>\n<meta property=\"article:modified_time\" content=\"2019-01-19T22:49:42+00:00\" \/>\n<meta property=\"og:image\" content=\"https:\/\/www.carnets-de-traverse.com\/blog\/wp-content\/uploads\/2012\/04\/L10052231.jpg\" \/>\n\t<meta property=\"og:image:width\" content=\"750\" \/>\n\t<meta property=\"og:image:height\" content=\"499\" \/>\n\t<meta property=\"og:image:type\" content=\"image\/jpeg\" \/>\n<meta name=\"author\" content=\"Julie + Renaud\" \/>\n<meta name=\"twitter:card\" content=\"summary_large_image\" \/>\n<meta name=\"twitter:creator\" content=\"@CarnetsTraverse\" \/>\n<meta name=\"twitter:label1\" content=\"\u00c9crit par\" \/>\n\t<meta name=\"twitter:data1\" content=\"Julie + Renaud\" \/>\n\t<meta name=\"twitter:label2\" content=\"Dur\u00e9e de lecture estim\u00e9e\" \/>\n\t<meta name=\"twitter:data2\" content=\"1 minute\" \/>\n<script type=\"application\/ld+json\" class=\"yoast-schema-graph\">{\"@context\":\"https:\/\/schema.org\",\"@graph\":[{\"@type\":\"WebPage\",\"@id\":\"https:\/\/www.carnets-de-traverse.com\/blog\/terrasse-vegetarienne-guimaraes\",\"url\":\"https:\/\/www.carnets-de-traverse.com\/blog\/terrasse-vegetarienne-guimaraes\",\"name\":\"Terrasse v\u00e9g\u00e9tarienne \u00e0 Guimar\u00e3es - \u2716 Carnets de traverse\",\"isPartOf\":{\"@id\":\"https:\/\/www.carnets-de-traverse.com\/blog\/#website\"},\"primaryImageOfPage\":{\"@id\":\"https:\/\/www.carnets-de-traverse.com\/blog\/terrasse-vegetarienne-guimaraes#primaryimage\"},\"image\":{\"@id\":\"https:\/\/www.carnets-de-traverse.com\/blog\/terrasse-vegetarienne-guimaraes#primaryimage\"},\"thumbnailUrl\":\"https:\/\/www.carnets-de-traverse.com\/blog\/wp-content\/uploads\/2012\/04\/L10052231.jpg\",\"datePublished\":\"2012-04-02T06:26:25+00:00\",\"dateModified\":\"2019-01-19T22:49:42+00:00\",\"author\":{\"@id\":\"https:\/\/www.carnets-de-traverse.com\/blog\/#\/schema\/person\/f0f0272c502af7b834e8274360c4a561\"},\"breadcrumb\":{\"@id\":\"https:\/\/www.carnets-de-traverse.com\/blog\/terrasse-vegetarienne-guimaraes#breadcrumb\"},\"inLanguage\":\"fr-FR\",\"potentialAction\":[{\"@type\":\"ReadAction\",\"target\":[\"https:\/\/www.carnets-de-traverse.com\/blog\/terrasse-vegetarienne-guimaraes\"]}]},{\"@type\":\"ImageObject\",\"inLanguage\":\"fr-FR\",\"@id\":\"https:\/\/www.carnets-de-traverse.com\/blog\/terrasse-vegetarienne-guimaraes#primaryimage\",\"url\":\"https:\/\/www.carnets-de-traverse.com\/blog\/wp-content\/uploads\/2012\/04\/L10052231.jpg\",\"contentUrl\":\"https:\/\/www.carnets-de-traverse.com\/blog\/wp-content\/uploads\/2012\/04\/L10052231.jpg\",\"width\":\"750\",\"height\":\"499\",\"caption\":\"Restaurant terrasse Guimar\u00e3es\"},{\"@type\":\"BreadcrumbList\",\"@id\":\"https:\/\/www.carnets-de-traverse.com\/blog\/terrasse-vegetarienne-guimaraes#breadcrumb\",\"itemListElement\":[{\"@type\":\"ListItem\",\"position\":1,\"name\":\"Accueil\",\"item\":\"https:\/\/www.carnets-de-traverse.com\/blog\"},{\"@type\":\"ListItem\",\"position\":2,\"name\":\"Terrasse v\u00e9g\u00e9tarienne \u00e0 Guimar\u00e3es\"}]},{\"@type\":\"WebSite\",\"@id\":\"https:\/\/www.carnets-de-traverse.com\/blog\/#website\",\"url\":\"https:\/\/www.carnets-de-traverse.com\/blog\/\",\"name\":\"\u2716 Carnets de traverse\",\"description\":\"Blog voyage, photographie et carnets de voyage\",\"potentialAction\":[{\"@type\":\"SearchAction\",\"target\":{\"@type\":\"EntryPoint\",\"urlTemplate\":\"https:\/\/www.carnets-de-traverse.com\/blog\/?s={search_term_string}\"},\"query-input\":{\"@type\":\"PropertyValueSpecification\",\"valueRequired\":true,\"valueName\":\"search_term_string\"}}],\"inLanguage\":\"fr-FR\"},{\"@type\":\"Person\",\"@id\":\"https:\/\/www.carnets-de-traverse.com\/blog\/#\/schema\/person\/f0f0272c502af7b834e8274360c4a561\",\"name\":\"Julie + Renaud\",\"image\":{\"@type\":\"ImageObject\",\"inLanguage\":\"fr-FR\",\"@id\":\"https:\/\/www.carnets-de-traverse.com\/blog\/#\/schema\/person\/image\/\",\"url\":\"https:\/\/secure.gravatar.com\/avatar\/7bd790550582f89c8bf5d592bcb583013d0376c33befb7feb5377523f59adac8?s=96&d=mm&r=g\",\"contentUrl\":\"https:\/\/secure.gravatar.com\/avatar\/7bd790550582f89c8bf5d592bcb583013d0376c33befb7feb5377523f59adac8?s=96&d=mm&r=g\",\"caption\":\"Julie + Renaud\"},\"description\":\"Blog de voyage depuis 2007 \u2014 Renaud &amp; Louise partagent \u00e0 travers Carnets de traverse leurs belles exp\u00e9riences de voyages \u2014 d'inspirants carnets de voyage, de bons conseils pour de magnifiques road trips, des city guides cools et de belles adresses d'h\u00f4tels. Un blog indispensable pour rechercher toute son inspiration voyage !\",\"sameAs\":[\"https:\/\/www.carnets-de-traverse.com\/\",\"https:\/\/www.facebook.com\/carnetsdetraverse\",\"https:\/\/x.com\/CarnetsTraverse\"],\"url\":\"https:\/\/www.carnets-de-traverse.com\/blog\/author\/julie-renaud\"}]}<\/script>\n<!-- \/ Yoast SEO Premium plugin. -->","yoast_head_json":{"title":"Terrasse v\u00e9g\u00e9tarienne \u00e0 Guimar\u00e3es - \u2716 Carnets de traverse","robots":{"index":"index","follow":"follow","max-snippet":"max-snippet:-1","max-image-preview":"max-image-preview:large","max-video-preview":"max-video-preview:-1"},"canonical":"https:\/\/www.carnets-de-traverse.com\/blog\/terrasse-vegetarienne-guimaraes","og_locale":"fr_FR","og_type":"article","og_title":"Terrasse v\u00e9g\u00e9tarienne \u00e0 Guimar\u00e3es","og_description":"Id\u00e9alement plac\u00e9 pour r\u00e9cup\u00e9rer apr\u00e8s la visite du palais des ducs de Bragance, ce restaurant est particuli\u00e8rement agr\u00e9able aux beaux jours, gr\u00e2ce \u00e0 une superbe terrasse arbor\u00e9e et une ambiance exquise de campagne dans la ville. Cette bonne adresse est extraite du livre Portugal, itin\u00e9raires de voyageurs Les plats sont d\u00e9licieux et la pause si [&hellip;]","og_url":"https:\/\/www.carnets-de-traverse.com\/blog\/terrasse-vegetarienne-guimaraes","og_site_name":"\u2716 Carnets de traverse","article_author":"https:\/\/www.facebook.com\/carnetsdetraverse","article_published_time":"2012-04-02T06:26:25+00:00","article_modified_time":"2019-01-19T22:49:42+00:00","og_image":[{"width":750,"height":499,"url":"https:\/\/www.carnets-de-traverse.com\/blog\/wp-content\/uploads\/2012\/04\/L10052231.jpg","type":"image\/jpeg"}],"author":"Julie + Renaud","twitter_card":"summary_large_image","twitter_creator":"@CarnetsTraverse","twitter_misc":{"\u00c9crit par":"Julie + Renaud","Dur\u00e9e de lecture estim\u00e9e":"1 minute"},"schema":{"@context":"https:\/\/schema.org","@graph":[{"@type":"WebPage","@id":"https:\/\/www.carnets-de-traverse.com\/blog\/terrasse-vegetarienne-guimaraes","url":"https:\/\/www.carnets-de-traverse.com\/blog\/terrasse-vegetarienne-guimaraes","name":"Terrasse v\u00e9g\u00e9tarienne \u00e0 Guimar\u00e3es - \u2716 Carnets de traverse","isPartOf":{"@id":"https:\/\/www.carnets-de-traverse.com\/blog\/#website"},"primaryImageOfPage":{"@id":"https:\/\/www.carnets-de-traverse.com\/blog\/terrasse-vegetarienne-guimaraes#primaryimage"},"image":{"@id":"https:\/\/www.carnets-de-traverse.com\/blog\/terrasse-vegetarienne-guimaraes#primaryimage"},"thumbnailUrl":"https:\/\/www.carnets-de-traverse.com\/blog\/wp-content\/uploads\/2012\/04\/L10052231.jpg","datePublished":"2012-04-02T06:26:25+00:00","dateModified":"2019-01-19T22:49:42+00:00","author":{"@id":"https:\/\/www.carnets-de-traverse.com\/blog\/#\/schema\/person\/f0f0272c502af7b834e8274360c4a561"},"breadcrumb":{"@id":"https:\/\/www.carnets-de-traverse.com\/blog\/terrasse-vegetarienne-guimaraes#breadcrumb"},"inLanguage":"fr-FR","potentialAction":[{"@type":"ReadAction","target":["https:\/\/www.carnets-de-traverse.com\/blog\/terrasse-vegetarienne-guimaraes"]}]},{"@type":"ImageObject","inLanguage":"fr-FR","@id":"https:\/\/www.carnets-de-traverse.com\/blog\/terrasse-vegetarienne-guimaraes#primaryimage","url":"https:\/\/www.carnets-de-traverse.com\/blog\/wp-content\/uploads\/2012\/04\/L10052231.jpg","contentUrl":"https:\/\/www.carnets-de-traverse.com\/blog\/wp-content\/uploads\/2012\/04\/L10052231.jpg","width":"750","height":"499","caption":"Restaurant terrasse Guimar\u00e3es"},{"@type":"BreadcrumbList","@id":"https:\/\/www.carnets-de-traverse.com\/blog\/terrasse-vegetarienne-guimaraes#breadcrumb","itemListElement":[{"@type":"ListItem","position":1,"name":"Accueil","item":"https:\/\/www.carnets-de-traverse.com\/blog"},{"@type":"ListItem","position":2,"name":"Terrasse v\u00e9g\u00e9tarienne \u00e0 Guimar\u00e3es"}]},{"@type":"WebSite","@id":"https:\/\/www.carnets-de-traverse.com\/blog\/#website","url":"https:\/\/www.carnets-de-traverse.com\/blog\/","name":"\u2716 Carnets de traverse","description":"Blog voyage, photographie et carnets de voyage","potentialAction":[{"@type":"SearchAction","target":{"@type":"EntryPoint","urlTemplate":"https:\/\/www.carnets-de-traverse.com\/blog\/?s={search_term_string}"},"query-input":{"@type":"PropertyValueSpecification","valueRequired":true,"valueName":"search_term_string"}}],"inLanguage":"fr-FR"},{"@type":"Person","@id":"https:\/\/www.carnets-de-traverse.com\/blog\/#\/schema\/person\/f0f0272c502af7b834e8274360c4a561","name":"Julie + Renaud","image":{"@type":"ImageObject","inLanguage":"fr-FR","@id":"https:\/\/www.carnets-de-traverse.com\/blog\/#\/schema\/person\/image\/","url":"https:\/\/secure.gravatar.com\/avatar\/7bd790550582f89c8bf5d592bcb583013d0376c33befb7feb5377523f59adac8?s=96&d=mm&r=g","contentUrl":"https:\/\/secure.gravatar.com\/avatar\/7bd790550582f89c8bf5d592bcb583013d0376c33befb7feb5377523f59adac8?s=96&d=mm&r=g","caption":"Julie + Renaud"},"description":"Blog de voyage depuis 2007 \u2014 Renaud &amp; Louise partagent \u00e0 travers Carnets de traverse leurs belles exp\u00e9riences de voyages \u2014 d'inspirants carnets de voyage, de bons conseils pour de magnifiques road trips, des city guides cools et de belles adresses d'h\u00f4tels. Un blog indispensable pour rechercher toute son inspiration voyage !","sameAs":["https:\/\/www.carnets-de-traverse.com\/","https:\/\/www.facebook.com\/carnetsdetraverse","https:\/\/x.com\/CarnetsTraverse"],"url":"https:\/\/www.carnets-de-traverse.com\/blog\/author\/julie-renaud"}]}},"_links":{"self":[{"href":"https:\/\/www.carnets-de-traverse.com\/blog\/wp-json\/wp\/v2\/posts\/2914","targetHints":{"allow":["GET"]}}],"collection":[{"href":"https:\/\/www.carnets-de-traverse.com\/blog\/wp-json\/wp\/v2\/posts"}],"about":[{"href":"https:\/\/www.carnets-de-traverse.com\/blog\/wp-json\/wp\/v2\/types\/post"}],"author":[{"embeddable":true,"href":"https:\/\/www.carnets-de-traverse.com\/blog\/wp-json\/wp\/v2\/users\/19"}],"replies":[{"embeddable":true,"href":"https:\/\/www.carnets-de-traverse.com\/blog\/wp-json\/wp\/v2\/comments?post=2914"}],"version-history":[{"count":0,"href":"https:\/\/www.carnets-de-traverse.com\/blog\/wp-json\/wp\/v2\/posts\/2914\/revisions"}],"wp:featuredmedia":[{"embeddable":true,"href":"https:\/\/www.carnets-de-traverse.com\/blog\/wp-json\/wp\/v2\/media\/3472"}],"wp:attachment":[{"href":"https:\/\/www.carnets-de-traverse.com\/blog\/wp-json\/wp\/v2\/media?parent=2914"}],"wp:term":[{"taxonomy":"category","embeddable":true,"href":"https:\/\/www.carnets-de-traverse.com\/blog\/wp-json\/wp\/v2\/categories?post=2914"},{"taxonomy":"post_tag","embeddable":true,"href":"https:\/\/www.carnets-de-traverse.com\/blog\/wp-json\/wp\/v2\/tags?post=2914"}],"curies":[{"name":"wp","href":"https:\/\/api.w.org\/{rel}","templated":true}]}}