{"id":3587,"date":"2012-11-07T10:00:35","date_gmt":"2012-11-07T09:00:35","guid":{"rendered":"http:\/\/www.carnets-de-traverse.com\/blog\/?p=3587"},"modified":"2019-01-20T16:57:27","modified_gmt":"2019-01-20T15:57:27","slug":"a-faire-a-la-reunion-1","status":"publish","type":"post","link":"https:\/\/www.carnets-de-traverse.com\/blog\/a-faire-a-la-reunion-1","title":{"rendered":"Mes coups de coeur et endroits pr\u00e9f\u00e9r\u00e9s \u00e0 La R\u00e9union (1\/2)"},"content":{"rendered":"<p>R\u00e9sum\u00e9 des \u00e9pisodes pr\u00e9c\u00e9dents : j&rsquo;ai v\u00e9cu 2 ans \u00e0 La R\u00e9union (2004\/05, \u00e0 Saint Pierre puis \u00e0 La Saline) et depuis 3 ans j&rsquo;y retourne chaque ann\u00e9e quelques semaines pour donner des cours de graphisme.\u00a0Bien s\u00fbr je suis loin d&rsquo;avoir \u00ab\u00a0tout vu\u00a0\u00bb (surtout en ce qui concerne les randos, sujet in\u00e9puisable ou presque !) mais j&rsquo;ai tout de m\u00eame eu le temps de pas mal visiter l&rsquo;\u00eele, souvent en l&rsquo;excellente compagnie d&rsquo;amis r\u00e9unionnais !<\/p>\n<p>Parmi de nombreux et magnifiques souvenirs, voici une s\u00e9lection (1\u00e8re partie) de ce que j&rsquo;ai pr\u00e9f\u00e9r\u00e9 :<\/p>\n<h2><span style=\"text-decoration: underline;\">Voir un lever de soleil au sommet du Piton des Neiges<\/span><\/h2>\n<p>Contempler le soleil se lever depuis le sommet du Piton des Neiges, point culminant de l&rsquo;\u00eele (3070 m\u00e8tres) est un moment inoubliable ! La rando n&rsquo;est pas facile, mais \u00e7a vaut le coup. Pour un randonneur moyen, cela prend 2 jours avec une \u00e9tape au\u00a0refuge de la Caverne Dufour.<\/p>\n<p>Le Piton des Neiges est accessible <a title=\"Le Piton des Neiges par Salazie\" href=\"http:\/\/reunion.orange.fr\/tourisme\/randonnees\/refuge-du-piton-des-neiges-hell-bourg-par-le-cap-anglais.html\" target=\"_blank\" rel=\"nofollow\">par le cirque de Salazie<\/a> et <a title=\"Le Piton des Neiges par Cilaos\" href=\"http:\/\/www.guide-reunion.fr\/tourisme-loisirs\/loisirs\/randonnees\/cilaos-piton-des-neiges\/\" target=\"_blank\" rel=\"nofollow\">par le cirque de Cilaos<\/a> (plus raide mais plus \u00ab\u00a0court\u00a0\u00bb). De Salazie, compter 6h le premier jour pour atteindre le refuge depuis Hell-Bourg, puis 2h le lendemain en partant vers 3 heures du matin (ou plus tard, tout d\u00e9pend de la saison), afin d&rsquo;\u00eatre l\u00e0-haut au lever du soleil. Ne faites pas comme nous, pr\u00e9voyez une lampe de poche pour la partie \u00ab\u00a0marche dans le noir\u00a0\u00bb :p<\/p>\n<div id=\"attachment_8891\" style=\"width: 760px\" class=\"wp-caption alignleft\"><img fetchpriority=\"high\" decoding=\"async\" aria-describedby=\"caption-attachment-8891\" class=\"size-full wp-image-8891\" title=\"Vue sur Salazie du sommet du Piton des Neiges\" src=\"http:\/\/www.carnets-de-traverse.com\/blog\/wp-content\/uploads\/2012\/11\/DSC01920.jpg\" alt=\"Vue sur Salazie du sommet du Piton des Neiges\" width=\"750\" height=\"503\" srcset=\"https:\/\/www.carnets-de-traverse.com\/blog\/wp-content\/uploads\/2012\/11\/DSC01920.jpg 750w, https:\/\/www.carnets-de-traverse.com\/blog\/wp-content\/uploads\/2012\/11\/DSC01920-447x300.jpg 447w, https:\/\/www.carnets-de-traverse.com\/blog\/wp-content\/uploads\/2012\/11\/DSC01920-600x402.jpg 600w\" sizes=\"(max-width: 750px) 100vw, 750px\" \/><p id=\"caption-attachment-8891\" class=\"wp-caption-text\">Vue sur Salazie du sommet du Piton des Neiges<\/p><\/div>\n<p>La vue de l\u00e0-haut est impressionnante, car on se trouve au milieu des trois cirques, que l&rsquo;on surplombe de fa\u00e7on spectaculaire. On voit aussi le volcan par temps clair. Ajoutez \u00e0 cela la magie du lever du soleil&#8230; Le genre de vue panoramique impossible \u00e0 prendre en photo, je suis bien emb\u00eat\u00e9e pour mon article :) Ah oui, et on voit l&rsquo;oc\u00e9an tout autour bien s\u00fbr. Un moment magique dont je me souviendrai longtemps.<\/p>\n<div id=\"attachment_6049\" style=\"width: 760px\" class=\"wp-caption alignnone\"><img decoding=\"async\" aria-describedby=\"caption-attachment-6049\" class=\"size-large wp-image-6049 \" title=\"Lever de soleil sur le Piton des Neiges, La R\u00e9union\" src=\"http:\/\/www.carnets-de-traverse.com\/blog\/wp-content\/uploads\/2012\/07\/Lever-de-soleil-750x548.jpg\" alt=\"Lever de soleil sur le Piton des Neiges, La R\u00e9union\" width=\"750\" height=\"548\" srcset=\"https:\/\/www.carnets-de-traverse.com\/blog\/wp-content\/uploads\/2012\/07\/Lever-de-soleil-750x548.jpg 750w, https:\/\/www.carnets-de-traverse.com\/blog\/wp-content\/uploads\/2012\/07\/Lever-de-soleil-410x300.jpg 410w, https:\/\/www.carnets-de-traverse.com\/blog\/wp-content\/uploads\/2012\/07\/Lever-de-soleil-600x438.jpg 600w, https:\/\/www.carnets-de-traverse.com\/blog\/wp-content\/uploads\/2012\/07\/Lever-de-soleil.jpg 1585w\" sizes=\"(max-width: 750px) 100vw, 750px\" \/><p id=\"caption-attachment-6049\" class=\"wp-caption-text\">Piton des Neiges,\u00a0lever de soleil sur La R\u00e9union<\/p><\/div>\n<h2><span style=\"text-decoration: underline;\">Le volcan, au petit matin<\/span><\/h2>\n<p>C&rsquo;est \u00e9vident, mais je ne peux pas en faire l&rsquo;impasse. Voir un volcan de pr\u00e8s fait partie des mes plus beaux souvenirs \u00e0 La R\u00e9union. Un conseil : allez-y au lever du soleil ! Vous \u00e9viterez les nuages, l&rsquo;heure de pointe et il fera moins chaud (il n&rsquo;y a pas d&rsquo;arbres dans l&rsquo;enclos !). Ne vous \u00e9loignez pas des sentiers mat\u00e9rialis\u00e9s par des pointill\u00e9s blancs au sol, on a vite fait de se perdre si le brouillard se l\u00e8ve (et il peut se lever tr\u00e8s vite).<\/p>\n<p>De plus, dans le coin il n&rsquo;y a pas que le volcan : sur la route vous d\u00e9couvrirez la myst\u00e9rieuse Plaine des Sables, une vue plongeante sur la Rivi\u00e8re Langevin, une for\u00eat, des vaches&#8230; \u00c9tonnante, cette \u00eele !<\/p>\n<p><img decoding=\"async\" class=\"alignleft size-full wp-image-8785\" title=\"Piton de la Fournaise, La R\u00e9union\" src=\"http:\/\/www.carnets-de-traverse.com\/blog\/wp-content\/uploads\/2012\/11\/DSC02974.jpg\" alt=\"Piton de la Fournaise, La R\u00e9union\" width=\"750\" height=\"563\" srcset=\"https:\/\/www.carnets-de-traverse.com\/blog\/wp-content\/uploads\/2012\/11\/DSC02974.jpg 750w, https:\/\/www.carnets-de-traverse.com\/blog\/wp-content\/uploads\/2012\/11\/DSC02974-399x300.jpg 399w, https:\/\/www.carnets-de-traverse.com\/blog\/wp-content\/uploads\/2012\/11\/DSC02974-600x450.jpg 600w\" sizes=\"(max-width: 750px) 100vw, 750px\" \/><\/p>\n<h2><span style=\"text-decoration: underline;\">Un tour de l&rsquo;\u00eele en ULM<\/span><\/h2>\n<p>Si votre budget vous le permet (un peu moins de 200\u20ac), faire un tour d&rsquo;ULM vaut vraiment le coup : c&rsquo;est vraiment tr\u00e8s impressionnant ! On est tout seul avec le pilote, dans une esp\u00e8ce de coquille de noix vitr\u00e9e \u00e0 plus de 3000 m\u00e8tres d&rsquo;altitude. Sensations garanties !\u00a0J&rsquo;ai \u00e9crit il y a quelques jours un article \u00e0 ce sujet ; si vous voulez en savoir plus rendez-vous ici :\u00a0<a title=\"La R\u00e9union en ULM !\" href=\"http:\/\/www.carnets-de-traverse.com\/blog\/la-reunion-ulm\">La R\u00e9union en ULM<\/a>.<\/p>\n<div id=\"attachment_9064\" style=\"width: 760px\" class=\"wp-caption alignleft\"><img loading=\"lazy\" decoding=\"async\" aria-describedby=\"caption-attachment-9064\" class=\"size-full wp-image-9064\" title=\"Survol de La R\u00e9union en ULM\" src=\"http:\/\/www.carnets-de-traverse.com\/blog\/wp-content\/uploads\/2012\/11\/27-ULM-Julie.jpeg\" alt=\"Survol de La R\u00e9union en ULM\" width=\"750\" height=\"563\" srcset=\"https:\/\/www.carnets-de-traverse.com\/blog\/wp-content\/uploads\/2012\/11\/27-ULM-Julie.jpeg 750w, https:\/\/www.carnets-de-traverse.com\/blog\/wp-content\/uploads\/2012\/11\/27-ULM-Julie-399x300.jpeg 399w, https:\/\/www.carnets-de-traverse.com\/blog\/wp-content\/uploads\/2012\/11\/27-ULM-Julie-600x450.jpeg 600w\" sizes=\"(max-width: 750px) 100vw, 750px\" \/><p id=\"caption-attachment-9064\" class=\"wp-caption-text\">Survol de La R\u00e9union en ULM<\/p><\/div>\n<h2><span style=\"text-decoration: underline;\">Plong\u00e9e sous-marine<\/span><\/h2>\n<p>Coraux, poissons multicolores, peut-\u00eatre quelques tortues marines&#8230; Si vous n&rsquo;avez jamais fait de plong\u00e9e, c&rsquo;est le moment : les fonds sont tr\u00e8s beaux.\u00a0On voit aussi souvent des dauphins sur le trajet du bateau (plut\u00f4t vers St Paul). Plusieurs clubs sur le port de St Gilles : 50\u20ac le bapt\u00eame, 45\u20ac l&rsquo;exploration non \u00e9quip\u00e9e (r\u00e9servation conseill\u00e9e). J&rsquo;ai test\u00e9 <a title=\"Corail Plong\u00e9e\" href=\"http:\/\/bit.ly\/1CdPSmK\" target=\"_blank\" rel=\"nofollow\">Corail Plong\u00e9e<\/a> et <a title=\"\u00d4 Sea Bleu\" href=\"http:\/\/bit.ly\/1ITBhCG\" target=\"_blank\" rel=\"nofollow\">\u00d4 Sea Bleu<\/a>, tous deux dans le port de St Gilles\u00a0: tr\u00e8s bien. Il y a aussi des clubs \u00e0 St Pierre, St Leu, Etang Sal\u00e9&#8230; Mais j&rsquo;ai trouv\u00e9 que les plus beaux fonds pour les\u00a0bapt\u00eames et les niveaux 1, c&rsquo;est plut\u00f4t dans l&rsquo;Ouest : il y a plus de lumi\u00e8re, le bleu est plus clair, les coraux\u00a0beaucoup plus d\u00e9velopp\u00e9s. Hors Ouest, ce sera plus sportif, et plus \u00ab\u00a0bleu profond\u00a0\u00bb !<\/p>\n<div id=\"attachment_8898\" style=\"width: 760px\" class=\"wp-caption alignleft\"><img loading=\"lazy\" decoding=\"async\" aria-describedby=\"caption-attachment-8898\" class=\"size-full wp-image-8898\" title=\"Plong\u00e9e \u00e0 St Leu\" src=\"http:\/\/www.carnets-de-traverse.com\/blog\/wp-content\/uploads\/2012\/11\/12-Banc.jpg\" alt=\"Plong\u00e9e \u00e0 St Leu\" width=\"750\" height=\"563\" srcset=\"https:\/\/www.carnets-de-traverse.com\/blog\/wp-content\/uploads\/2012\/11\/12-Banc.jpg 750w, https:\/\/www.carnets-de-traverse.com\/blog\/wp-content\/uploads\/2012\/11\/12-Banc-399x300.jpg 399w, https:\/\/www.carnets-de-traverse.com\/blog\/wp-content\/uploads\/2012\/11\/12-Banc-600x450.jpg 600w\" sizes=\"(max-width: 750px) 100vw, 750px\" \/><p id=\"caption-attachment-8898\" class=\"wp-caption-text\">Plong\u00e9e \u00e0 St Leu<\/p><\/div>\n<p>Si vous souhaitez passer un niveau c&rsquo;est peut-\u00eatre l&rsquo;occasion ? J&rsquo;ai pass\u00e9 mon niveau 1 FFESSM\u00a0en 3 jours avec le club de St Pierre (env. 300\u20ac). Finis les bapt\u00eames !<\/p>\n<p><img loading=\"lazy\" decoding=\"async\" class=\"alignleft size-full wp-image-8901\" title=\"Plong\u00e9e \u00e0 La R\u00e9union\" src=\"http:\/\/www.carnets-de-traverse.com\/blog\/wp-content\/uploads\/2012\/11\/01-Julie-1.jpg\" alt=\"Plong\u00e9e \u00e0 La R\u00e9union\" width=\"750\" height=\"563\" srcset=\"https:\/\/www.carnets-de-traverse.com\/blog\/wp-content\/uploads\/2012\/11\/01-Julie-1.jpg 750w, https:\/\/www.carnets-de-traverse.com\/blog\/wp-content\/uploads\/2012\/11\/01-Julie-1-399x300.jpg 399w, https:\/\/www.carnets-de-traverse.com\/blog\/wp-content\/uploads\/2012\/11\/01-Julie-1-600x450.jpg 600w\" sizes=\"(max-width: 750px) 100vw, 750px\" \/><\/p>\n<h2><\/h2>\n<h2><span style=\"text-decoration: underline;\">Se jeter \u00e0 l&rsquo;eau : Canyoning<\/span><\/h2>\n<p>La R\u00e9union est parfaite pour faire du canyoning : il y a Cilaos \u00ab\u00a0Fleurs Jaunes 1\u00e8re partie\u00a0\u00bb qui est tr\u00e8s beau et a ma pr\u00e9f\u00e9rence. On est nez \u00e0 nez tout du long ou presque avec le Piton des Neiges, au soleil. Il ne faut pas avoir le vertige, il y a un notamment un impressionnant (mais pas difficile) rappel de 55 m\u00e8tres :) Sensatiooons !<\/p>\n<div id=\"attachment_8774\" style=\"width: 760px\" class=\"wp-caption alignleft\"><img loading=\"lazy\" decoding=\"async\" aria-describedby=\"caption-attachment-8774\" class=\"size-full wp-image-8774\" title=\"Canyon de Fleur Jaune 1\u00e8re partie\" src=\"http:\/\/www.carnets-de-traverse.com\/blog\/wp-content\/uploads\/2012\/11\/DSC025481.jpg\" alt=\"Canyon de Fleur Jaune 1\u00e8re partie\" width=\"750\" height=\"510\" srcset=\"https:\/\/www.carnets-de-traverse.com\/blog\/wp-content\/uploads\/2012\/11\/DSC025481.jpg 750w, https:\/\/www.carnets-de-traverse.com\/blog\/wp-content\/uploads\/2012\/11\/DSC025481-441x300.jpg 441w, https:\/\/www.carnets-de-traverse.com\/blog\/wp-content\/uploads\/2012\/11\/DSC025481-600x408.jpg 600w\" sizes=\"(max-width: 750px) 100vw, 750px\" \/><p id=\"caption-attachment-8774\" class=\"wp-caption-text\">Canyon de Fleur Jaune (1\u00e8re partie) \u00e0 Cilaos<\/p><\/div>\n<p>Une alternative plus facile et moins vertigineuse : Bassin B\u0153uf \u00e0 Ste Suzanne, et sa chouette cascade. Il y en a plein d&rsquo;autres ! J&rsquo;y reviendrai dans un article d\u00e9di\u00e9.<\/p>\n<div id=\"attachment_9072\" style=\"width: 760px\" class=\"wp-caption alignleft\"><img loading=\"lazy\" decoding=\"async\" aria-describedby=\"caption-attachment-9072\" class=\"size-full wp-image-9072\" title=\"Canyon de Bassin B\u0153uf \u00e0 Ste Suzanne\" src=\"http:\/\/www.carnets-de-traverse.com\/blog\/wp-content\/uploads\/2012\/11\/canyon.jpg\" alt=\"Canyon de Bassin B\u0153uf \u00e0 Ste Suzanne\" width=\"750\" height=\"552\" srcset=\"https:\/\/www.carnets-de-traverse.com\/blog\/wp-content\/uploads\/2012\/11\/canyon.jpg 750w, https:\/\/www.carnets-de-traverse.com\/blog\/wp-content\/uploads\/2012\/11\/canyon-407x300.jpg 407w, https:\/\/www.carnets-de-traverse.com\/blog\/wp-content\/uploads\/2012\/11\/canyon-600x441.jpg 600w\" sizes=\"(max-width: 750px) 100vw, 750px\" \/><p id=\"caption-attachment-9072\" class=\"wp-caption-text\">Canyon de Bassin B\u0153uf \u00e0 Ste Suzanne<\/p><\/div>\n<h2><span style=\"text-decoration: underline;\">La Fen\u00eatre des Makes<\/span><\/h2>\n<p>Une fa\u00e7on facile de voir le cirque de Cilaos ! Il y a un peu de route tout de m\u00eame, surtout si vous venez de l&rsquo;ouest.<\/p>\n<p>Depuis Saint Louis, prendre la direction \u00ab Les Makes \u00bb. Une fois aux Makes, prendre la direction de La Fen\u00eatre. Commence alors la route foresti\u00e8re. \u00c0 la sortie d\u2019un virage vous pouvez vous garer sur un petit parking, et la vue est \u00e0 vous. Il y a aussi une petite randonn\u00e9e qui part de l\u00e0 (sentier du Tapage et du Bras Patate, 2h).<\/p>\n<div id=\"attachment_8939\" style=\"width: 760px\" class=\"wp-caption alignleft\"><img loading=\"lazy\" decoding=\"async\" aria-describedby=\"caption-attachment-8939\" class=\"size-full wp-image-8939\" title=\"Panorama sur Cilaos, vu de la fen\u00eatre des Makes\" src=\"http:\/\/www.carnets-de-traverse.com\/blog\/wp-content\/uploads\/2012\/11\/Panorama-Cilaos-copie.jpg\" alt=\"Panorama sur Cilaos, vu de la fen\u00eatre des Makes\" width=\"750\" height=\"293\" srcset=\"https:\/\/www.carnets-de-traverse.com\/blog\/wp-content\/uploads\/2012\/11\/Panorama-Cilaos-copie.jpg 750w, https:\/\/www.carnets-de-traverse.com\/blog\/wp-content\/uploads\/2012\/11\/Panorama-Cilaos-copie-500x195.jpg 500w, https:\/\/www.carnets-de-traverse.com\/blog\/wp-content\/uploads\/2012\/11\/Panorama-Cilaos-copie-600x234.jpg 600w\" sizes=\"(max-width: 750px) 100vw, 750px\" \/><p id=\"caption-attachment-8939\" class=\"wp-caption-text\">Panorama sur Cilaos, vu de la fen\u00eatre des Makes<\/p><\/div>\n<h2><\/h2>\n<h2><span style=\"text-decoration: underline;\">Les march\u00e9s forains<\/span><\/h2>\n<p>Ne manquez pas les march\u00e9s de St Paul et\/ou St Pierre pour go\u00fbter \u00e0 tous les samoussas, bonbons piments, bouchons et autres jus de fruits frais \u00a0! Et acheter quelques souvenirs : c&rsquo;est parfait pour les petits cadeaux et artisanat \u00e0 ramener. \u00c0\u00a0St Pierre c&rsquo;est le samedi matin,\u00a0\u00e0 St Paul le vendredi toute la journ\u00e9e et le samedi matin.<\/p>\n<div id=\"attachment_9067\" style=\"width: 760px\" class=\"wp-caption alignleft\"><img loading=\"lazy\" decoding=\"async\" aria-describedby=\"caption-attachment-9067\" class=\"size-full wp-image-9067\" title=\"March\u00e9 de St Paul, La R\u00e9union\" src=\"http:\/\/www.carnets-de-traverse.com\/blog\/wp-content\/uploads\/2012\/11\/8063638229_4e3bfdce3f_b.jpg\" alt=\"March\u00e9 de St Paul, La R\u00e9union\" width=\"750\" height=\"500\" srcset=\"https:\/\/www.carnets-de-traverse.com\/blog\/wp-content\/uploads\/2012\/11\/8063638229_4e3bfdce3f_b.jpg 750w, https:\/\/www.carnets-de-traverse.com\/blog\/wp-content\/uploads\/2012\/11\/8063638229_4e3bfdce3f_b-450x300.jpg 450w, https:\/\/www.carnets-de-traverse.com\/blog\/wp-content\/uploads\/2012\/11\/8063638229_4e3bfdce3f_b-600x400.jpg 600w\" sizes=\"(max-width: 750px) 100vw, 750px\" \/><p id=\"caption-attachment-9067\" class=\"wp-caption-text\">Sur le march\u00e9 de St Paul<\/p><\/div>\n<h2><span style=\"text-decoration: underline;\">Visiter un temple tamoul et assister \u00e0 une marche sur le feu<\/span><\/h2>\n<p>Les tamouls sont les r\u00e9unionnais\u00a0originaires du sud de l&rsquo;Inde.\u00a0Leurs temples sont tr\u00e8s color\u00e9s et fascinants ! Cette religion, aux multiples divinit\u00e9s, est complexe. Il y a diff\u00e9rentes festivit\u00e9s au cours de l&rsquo;ann\u00e9e, Dipavali par exemple,\u00a0une f\u00eate haute en couleurs qui repr\u00e9sente la victoire de la Lumi\u00e8re sur les T\u00e9n\u00e8bres. Prenez-en plein les yeux en y assistant \u00e0 la tomb\u00e9e de la nuit ! \u00c7a se passe en novembre.<\/p>\n<p>Il y a aussi de nombreuses <a title=\"Marche sur le feu, La R\u00e9union\" href=\"http:\/\/aigrsc.free.fr\/marche_sur_le_feu.htm\" target=\"_blank\" rel=\"nofollow\">marches sur le feu<\/a>. Ces c\u00e9r\u00e9monies proviendraient de l&rsquo;histoire de la d\u00e9esse Pandiallee qui n&rsquo;a pas h\u00e9sit\u00e9 \u00e0 braver les flammes pour prouver sa fid\u00e9lit\u00e9. Les marcheurs vont se purifier par le car\u00eame et l&rsquo;abstinence, pendant une p\u00e9riode de 18 jours en principe, puis marcher sur des braises \u00e0 800\u00b0C&#8230;\u00a0Tout le monde peut y assister, il suffit de savoir o\u00f9 et quand il y en a une. Chaque temple a ses dates, et c&rsquo;est surtout en discutant avec les gens que vous risquez de vous faire inviter. C&rsquo;est impressionnant, color\u00e9, tr\u00e8s chouette \u00e0 voir. Cela attire pas mal de gens, en g\u00e9n\u00e9ral il y a foule. Encore un billet d\u00e9di\u00e9 qu&rsquo;il faut que j&rsquo;\u00e9crive :)<\/p>\n<div id=\"attachment_8932\" style=\"width: 760px\" class=\"wp-caption alignleft\"><img loading=\"lazy\" decoding=\"async\" aria-describedby=\"caption-attachment-8932\" class=\"size-full wp-image-8932\" title=\"Temple tamoul de St Pierre\" src=\"http:\/\/www.carnets-de-traverse.com\/blog\/wp-content\/uploads\/2012\/11\/MG_0611.jpg\" alt=\"Temple tamoul de St Pierre\" width=\"750\" height=\"553\" srcset=\"https:\/\/www.carnets-de-traverse.com\/blog\/wp-content\/uploads\/2012\/11\/MG_0611.jpg 750w, https:\/\/www.carnets-de-traverse.com\/blog\/wp-content\/uploads\/2012\/11\/MG_0611-406x300.jpg 406w, https:\/\/www.carnets-de-traverse.com\/blog\/wp-content\/uploads\/2012\/11\/MG_0611-600x442.jpg 600w\" sizes=\"(max-width: 750px) 100vw, 750px\" \/><p id=\"caption-attachment-8932\" class=\"wp-caption-text\">Temple tamoul de St Pierre<\/p><\/div>\n<h2><span style=\"text-decoration: underline;\">Les cases cr\u00e9oles de l&rsquo;Entre-Deux<\/span><\/h2>\n<p>Le joli village de l&rsquo;Entre-Deux est situ\u00e9 dans le sud-ouest de l&rsquo;\u00eele, il\u00a0surplombe la rivi\u00e8re Saint-Etienne, entre le Bras de la Plaine et celui de Cilaos (d&rsquo;o\u00f9 son nom). Le petit office du tourisme organise une <a title=\"Cases et jardins cr\u00e9oles\" href=\"http:\/\/www.ot-entredeux.com\/\" target=\"_blank\" rel=\"nofollow\">visite des cases traditionnelles et jardins cr\u00e9oles<\/a> tr\u00e8s sympa !<\/p>\n<div id=\"attachment_9059\" style=\"width: 760px\" class=\"wp-caption alignleft\"><img loading=\"lazy\" decoding=\"async\" aria-describedby=\"caption-attachment-9059\" class=\"size-full wp-image-9059\" title=\"Case cr\u00e9ole \u00e0 l'Entre-Deux, La R\u00e9union\" src=\"http:\/\/www.carnets-de-traverse.com\/blog\/wp-content\/uploads\/2012\/11\/MG_0040.jpg\" alt=\"Case cr\u00e9ole \u00e0 l'Entre-Deux, La R\u00e9union\" width=\"750\" height=\"458\" srcset=\"https:\/\/www.carnets-de-traverse.com\/blog\/wp-content\/uploads\/2012\/11\/MG_0040.jpg 750w, https:\/\/www.carnets-de-traverse.com\/blog\/wp-content\/uploads\/2012\/11\/MG_0040-491x300.jpg 491w, https:\/\/www.carnets-de-traverse.com\/blog\/wp-content\/uploads\/2012\/11\/MG_0040-600x366.jpg 600w\" sizes=\"(max-width: 750px) 100vw, 750px\" \/><p id=\"caption-attachment-9059\" class=\"wp-caption-text\">Case cr\u00e9ole \u00e0 l&rsquo;Entre-Deux<\/p><\/div>\n<h2><span style=\"text-decoration: underline;\">Un petit mus\u00e9e ?<\/span><\/h2>\n<p>Pour comprendre l&rsquo;histoire de l&rsquo;\u00eele, j&rsquo;ai trouv\u00e9 le mus\u00e9e de Stella Matutina (ancienne usine de canne \u00e0 sucre) vraiment bien. Il y avait lors de mon passage une expo de portraits d&rsquo;anciens ouvriers, photographi\u00e9s par Yann Arthus Bertrand, des t\u00e9moignages vid\u00e9os,&#8230; A l&rsquo;ext\u00e9rieur, on peut voir la balance (l\u00e0 o\u00f9 on pesait les chargements de cannes \u00e0 sucre) et les dortoirs.<\/p>\n<div id=\"attachment_6075\" style=\"width: 760px\" class=\"wp-caption alignleft\"><img loading=\"lazy\" decoding=\"async\" aria-describedby=\"caption-attachment-6075\" class=\"size-large wp-image-6075\" title=\"Stella Matutina, La R\u00e9union\" src=\"http:\/\/www.carnets-de-traverse.com\/blog\/wp-content\/uploads\/2012\/07\/MG_8704-750x500.jpg\" alt=\"Stella Matutina, La R\u00e9union\" width=\"750\" height=\"500\" srcset=\"https:\/\/www.carnets-de-traverse.com\/blog\/wp-content\/uploads\/2012\/07\/MG_8704-750x500.jpg 750w, https:\/\/www.carnets-de-traverse.com\/blog\/wp-content\/uploads\/2012\/07\/MG_8704-450x300.jpg 450w, https:\/\/www.carnets-de-traverse.com\/blog\/wp-content\/uploads\/2012\/07\/MG_8704-600x400.jpg 600w, https:\/\/www.carnets-de-traverse.com\/blog\/wp-content\/uploads\/2012\/07\/MG_8704.jpg 954w\" sizes=\"(max-width: 750px) 100vw, 750px\" \/><p id=\"caption-attachment-6075\" class=\"wp-caption-text\">Stella Matutina, avec l&rsquo;expo de Yann Arthus-Bertrand<\/p><\/div>\n<h2><span style=\"text-decoration: underline;\">H\u00e9bergement<\/span><\/h2>\n<p>J&rsquo;ai deux adresses \u00e0 vous proposer, dans la cat\u00e9gorie \u00ab\u00a0bon march\u00e9\u00a0\u00bb : l&rsquo;<a title=\"Auberge sympa et pas ch\u00e8re \u00e0 La R\u00e9union !\" href=\"http:\/\/www.carnets-de-traverse.com\/blog\/auberge-pas-chere-la-reunion\">Auberge des Sables Noirs<\/a> \u00e0 \u00c9tang-Sal\u00e9-les Hauts et la <a title=\"Chez Papa Daya, pension familiale et bon march\u00e9 \u00e0 La R\u00e9union\" href=\"http:\/\/www.carnets-de-traverse.com\/blog\/papa-daya-pension-familiale-bon-marche-la-reunion\">pension Papa Daya<\/a> \u00e0 St Pierre.<\/p>\n<p>Mais ce sont des auberges, donc avec un confort limit\u00e9&#8230; Si pr\u00e9f\u00e9rez la cat\u00e9gorie sup\u00e9rieure, avec piscine et pour plus de confort, on m&rsquo;a conseill\u00e9 ces adresses :<\/p>\n<ul>\n<li><a href=\"http:\/\/www.booking.com\/hotel\/re\/la-morgabine.fr.html?aid=388385\" target=\"_blank\">La Morgabine<\/a>, \u00e0 St Pierre,\u00a0\u00e0 moins de 300m du lagon<\/li>\n<li><a href=\"http:\/\/www.booking.com\/hotel\/re\/villa-belle.fr.html?aid=388385\" target=\"_blank\">La Villa Belle<\/a>,\u00a0un peu plus haut en ville<\/li>\n<li>Un peu plus \u00e0 l&rsquo;\u00e9cart (\u00e0 5km de la ville), <a href=\"http:\/\/www.booking.com\/hotel\/re\/between-sea-and-sky.fr.html?aid=388385\" target=\"_blank\">Entre Ciel et Mer<\/a> une jolie maison tout en bois avec piscine<\/li>\n<li><a href=\"http:\/\/www.booking.com\/hotel\/re\/villa-delisle-amp-spa.fr.html?aid=388385\" target=\"_blank\">Villa Delisle<\/a>, \u00e0 St Pierre, plus cher, plus grand, avec piscine et spa, au bord du lagon<\/li>\n<\/ul>\n<p>Je vous conseille fortement St Pierre comme point de chute : ma ville pr\u00e9f\u00e9r\u00e9e de loin. C&rsquo;est une vraie ville cr\u00e9ole, avec ses \u00e9glises, temples, une tr\u00e8s belle mosqu\u00e9e, un lagon et une plage en centre ville, quelques rues commer\u00e7antes (autour de la rue des Bons Enfants) et un beau march\u00e9 le samedi matin. Il y a moins de gens (et de voitures) que dans l&rsquo;ouest, et moins de \u00ab\u00a0zoreilles\u00a0\u00bb (= m\u00e9tropolitains :)). De plus, sur le front de mer il y a une vie nocturne, ce qui est assez rare pour \u00eatre soulign\u00e9.<\/p>\n<p>Non loin, des plages magnifiques (Etang-sal\u00e9, Grand&rsquo;Anse) vous attendent, le volcan et aussi Cilaos, l&rsquo;un des 3 magnifiques cirques de l&rsquo;\u00eele. On le voit d&rsquo;ailleurs d&rsquo;en bas, une vue dont je ne me suis jamais lass\u00e9e, que pourtant je voyais tous les jours&#8230;<\/p>\n<div id=\"attachment_9084\" style=\"width: 760px\" class=\"wp-caption alignleft\"><img loading=\"lazy\" decoding=\"async\" aria-describedby=\"caption-attachment-9084\" class=\"size-full wp-image-9084\" title=\"St Pierre et Cilaos en arri\u00e8re-plan\" src=\"http:\/\/www.carnets-de-traverse.com\/blog\/wp-content\/uploads\/2012\/11\/DSC03185.jpg\" alt=\"St Pierre et Cilaos en arri\u00e8re-plan\" width=\"750\" height=\"403\" srcset=\"https:\/\/www.carnets-de-traverse.com\/blog\/wp-content\/uploads\/2012\/11\/DSC03185.jpg 750w, https:\/\/www.carnets-de-traverse.com\/blog\/wp-content\/uploads\/2012\/11\/DSC03185-500x268.jpg 500w, https:\/\/www.carnets-de-traverse.com\/blog\/wp-content\/uploads\/2012\/11\/DSC03185-600x322.jpg 600w\" sizes=\"(max-width: 750px) 100vw, 750px\" \/><p id=\"caption-attachment-9084\" class=\"wp-caption-text\">St Pierre et le cirque de Cilaos en arri\u00e8re-plan<\/p><\/div>\n<h2><span style=\"text-decoration: underline;\">Location de voiture<\/span><\/h2>\n<p>Pour visiter La R\u00e9union, il vous faudra louer une voiture. Il y a bien quelques bus (les \u00ab\u00a0Cars jaunes\u00a0\u00bb) mais ils ne sont pas tr\u00e8s fr\u00e9quents et ne vont pas partout&#8230; Pas tr\u00e8s pratique.<\/p>\n<p>Pour louer une voiture, on aime bien <a href=\"http:\/\/track.effiliation.com\/servlet\/effi.click?id_compteur=14791758&quot; target=&quot;_blank\" target=\"_blank\">Auto Escape<\/a> ou <a href=\"http:\/\/www.rentalcars.com\/?affiliateCode=carnetsdetraverse\" target=\"_blank\" class=\"broken_link\">Rental Cars<\/a> ! C&rsquo;est s\u00e9rieux et ils comparent pas mal de loueurs, donc les prix sont bas.<\/p>\n<p>Voil\u00e0 une premi\u00e8re s\u00e9lection parmi tant d&rsquo;autres&#8230; le choix est rude et j&rsquo;y reviendrai ! Il y a vraiment \u00e9norm\u00e9ment de choses \u00e0 faire, surtout si vous aimez la randonn\u00e9e. Elles sont toutes belles, vu le relief extraordinaire de l&rsquo;\u00eele. En r\u00e8gle g\u00e9n\u00e9rale, il va falloir se lever (tr\u00e8s) t\u00f4t ! Car vous allez voir que les nuages obstruent pas mal de sites en altitude d\u00e8s 10\/11h&#8230; On peut ensuite faire de belles siestes \u00e0 la plage, toujours sous le soleil, alors qu&rsquo;il peut pleuvoir dans les Hauts.\u00a0Si vous cherchez \u00e0 organiser un\u00a0<a title=\"Voyageurs du monde\" href=\"http:\/\/www.voyageursdumonde.fr\/voyage-sur-mesure\/recherche-voyage\/voyage-reunion\" target=\"_blank\">circuit \u00e0 la R\u00e9union<\/a>, il y a l&rsquo;agence\u00a0Voyageurs du monde qui organise des s\u00e9jours enti\u00e8rement sur-mesure.<\/p>\n<p>Bon voyage !\u00a0N&rsquo;h\u00e9sitez pas \u00e0 ajouter vos endroits pr\u00e9f\u00e9r\u00e9s ou vos meilleurs souvenirs dans les commentaires !<\/p>\n","protected":false},"excerpt":{"rendered":"<p>Volcan, cascades, plong\u00e9e, randos, sorties, ULM, plages, cirques&#8230; Mes coups de c\u0153ur et souvenirs pr\u00e9f\u00e9r\u00e9s !<\/p>\n","protected":false},"author":1,"featured_media":8755,"comment_status":"open","ping_status":"open","sticky":false,"template":"","format":"standard","meta":{"footnotes":""},"categories":[10],"tags":[21,135,84,88],"class_list":["post-3587","post","type-post","status-publish","format-standard","has-post-thumbnail","hentry","category-la-reunion","tag-hebergement","tag-nature","tag-plongee","tag-randonnee"],"yoast_head":"<!-- This site is optimized with the Yoast SEO Premium plugin v17.9 (Yoast SEO v24.9) - https:\/\/yoast.com\/wordpress\/plugins\/seo\/ -->\n<title>Mes 10 coups de c\u0153ur \u00e0 faire \u00e0 la R\u00e9union - Blog voyage<\/title>\n<meta name=\"description\" content=\"\u00c0 voir, \u00e0 faire \u00e0 La R\u00e9union : volcan, cascades, plong\u00e9e, randonn\u00e9es, sorties, ULM, plages, cirques, nature,... Mes coups de c\u0153ur et souvenirs pr\u00e9f\u00e9r\u00e9s !\" \/>\n<meta name=\"robots\" content=\"index, follow, max-snippet:-1, max-image-preview:large, max-video-preview:-1\" \/>\n<link rel=\"canonical\" href=\"https:\/\/www.carnets-de-traverse.com\/blog\/a-faire-a-la-reunion-1\" \/>\n<meta property=\"og:locale\" content=\"fr_FR\" \/>\n<meta property=\"og:type\" content=\"article\" \/>\n<meta property=\"og:title\" content=\"Mes coups de coeur et endroits pr\u00e9f\u00e9r\u00e9s \u00e0 La R\u00e9union (1\/2)\" \/>\n<meta property=\"og:description\" content=\"\u00c0 voir, \u00e0 faire \u00e0 La R\u00e9union : volcan, cascades, plong\u00e9e, randonn\u00e9es, sorties, ULM, plages, cirques, nature,... Mes coups de c\u0153ur et souvenirs pr\u00e9f\u00e9r\u00e9s !\" \/>\n<meta property=\"og:url\" content=\"https:\/\/www.carnets-de-traverse.com\/blog\/a-faire-a-la-reunion-1\" \/>\n<meta property=\"og:site_name\" content=\"\u2716 Carnets de traverse\" \/>\n<meta property=\"article:author\" content=\"https:\/\/www.facebook.com\/carnetsdetraverse\" \/>\n<meta property=\"article:published_time\" content=\"2012-11-07T09:00:35+00:00\" \/>\n<meta property=\"article:modified_time\" content=\"2019-01-20T15:57:27+00:00\" \/>\n<meta property=\"og:image\" content=\"https:\/\/www.carnets-de-traverse.com\/blog\/wp-content\/uploads\/2012\/10\/8063638229_4e3bfdce3f_c.jpeg\" \/>\n\t<meta property=\"og:image:width\" content=\"800\" \/>\n\t<meta property=\"og:image:height\" content=\"534\" \/>\n\t<meta property=\"og:image:type\" content=\"image\/jpeg\" \/>\n<meta name=\"author\" content=\"Julie\" \/>\n<meta name=\"twitter:card\" content=\"summary_large_image\" \/>\n<meta name=\"twitter:creator\" content=\"@CarnetsTraverse\" \/>\n<meta name=\"twitter:label1\" content=\"\u00c9crit par\" \/>\n\t<meta name=\"twitter:data1\" content=\"Julie\" \/>\n\t<meta name=\"twitter:label2\" content=\"Dur\u00e9e de lecture estim\u00e9e\" \/>\n\t<meta name=\"twitter:data2\" content=\"10 minutes\" \/>\n<script type=\"application\/ld+json\" class=\"yoast-schema-graph\">{\"@context\":\"https:\/\/schema.org\",\"@graph\":[{\"@type\":\"WebPage\",\"@id\":\"https:\/\/www.carnets-de-traverse.com\/blog\/a-faire-a-la-reunion-1\",\"url\":\"https:\/\/www.carnets-de-traverse.com\/blog\/a-faire-a-la-reunion-1\",\"name\":\"Mes 10 coups de c\u0153ur \u00e0 faire \u00e0 la R\u00e9union - Blog voyage\",\"isPartOf\":{\"@id\":\"https:\/\/www.carnets-de-traverse.com\/blog\/#website\"},\"primaryImageOfPage\":{\"@id\":\"https:\/\/www.carnets-de-traverse.com\/blog\/a-faire-a-la-reunion-1#primaryimage\"},\"image\":{\"@id\":\"https:\/\/www.carnets-de-traverse.com\/blog\/a-faire-a-la-reunion-1#primaryimage\"},\"thumbnailUrl\":\"https:\/\/www.carnets-de-traverse.com\/blog\/wp-content\/uploads\/2012\/10\/8063638229_4e3bfdce3f_c.jpeg\",\"datePublished\":\"2012-11-07T09:00:35+00:00\",\"dateModified\":\"2019-01-20T15:57:27+00:00\",\"author\":{\"@id\":\"https:\/\/www.carnets-de-traverse.com\/blog\/#\/schema\/person\/ccae62cb1d2c1e55dc732d88750491c4\"},\"description\":\"\u00c0 voir, \u00e0 faire \u00e0 La R\u00e9union : volcan, cascades, plong\u00e9e, randonn\u00e9es, sorties, ULM, plages, cirques, nature,... Mes coups de c\u0153ur et souvenirs pr\u00e9f\u00e9r\u00e9s !\",\"breadcrumb\":{\"@id\":\"https:\/\/www.carnets-de-traverse.com\/blog\/a-faire-a-la-reunion-1#breadcrumb\"},\"inLanguage\":\"fr-FR\",\"potentialAction\":[{\"@type\":\"ReadAction\",\"target\":[\"https:\/\/www.carnets-de-traverse.com\/blog\/a-faire-a-la-reunion-1\"]}]},{\"@type\":\"ImageObject\",\"inLanguage\":\"fr-FR\",\"@id\":\"https:\/\/www.carnets-de-traverse.com\/blog\/a-faire-a-la-reunion-1#primaryimage\",\"url\":\"https:\/\/www.carnets-de-traverse.com\/blog\/wp-content\/uploads\/2012\/10\/8063638229_4e3bfdce3f_c.jpeg\",\"contentUrl\":\"https:\/\/www.carnets-de-traverse.com\/blog\/wp-content\/uploads\/2012\/10\/8063638229_4e3bfdce3f_c.jpeg\",\"width\":\"800\",\"height\":\"534\",\"caption\":\"Sur le march\u00e9 de St Paul\"},{\"@type\":\"BreadcrumbList\",\"@id\":\"https:\/\/www.carnets-de-traverse.com\/blog\/a-faire-a-la-reunion-1#breadcrumb\",\"itemListElement\":[{\"@type\":\"ListItem\",\"position\":1,\"name\":\"Accueil\",\"item\":\"https:\/\/www.carnets-de-traverse.com\/blog\"},{\"@type\":\"ListItem\",\"position\":2,\"name\":\"Mes coups de coeur et endroits pr\u00e9f\u00e9r\u00e9s \u00e0 La R\u00e9union (1\/2)\"}]},{\"@type\":\"WebSite\",\"@id\":\"https:\/\/www.carnets-de-traverse.com\/blog\/#website\",\"url\":\"https:\/\/www.carnets-de-traverse.com\/blog\/\",\"name\":\"\u2716 Carnets de traverse\",\"description\":\"Blog voyage, photographie et carnets de voyage\",\"potentialAction\":[{\"@type\":\"SearchAction\",\"target\":{\"@type\":\"EntryPoint\",\"urlTemplate\":\"https:\/\/www.carnets-de-traverse.com\/blog\/?s={search_term_string}\"},\"query-input\":{\"@type\":\"PropertyValueSpecification\",\"valueRequired\":true,\"valueName\":\"search_term_string\"}}],\"inLanguage\":\"fr-FR\"},{\"@type\":\"Person\",\"@id\":\"https:\/\/www.carnets-de-traverse.com\/blog\/#\/schema\/person\/ccae62cb1d2c1e55dc732d88750491c4\",\"name\":\"Julie\",\"image\":{\"@type\":\"ImageObject\",\"inLanguage\":\"fr-FR\",\"@id\":\"https:\/\/www.carnets-de-traverse.com\/blog\/#\/schema\/person\/image\/\",\"url\":\"https:\/\/secure.gravatar.com\/avatar\/473cc339d9b9391f3f7187c6519cb28905b09b5c946ffa4b9f7ccaf17270ac93?s=96&d=mm&r=g\",\"contentUrl\":\"https:\/\/secure.gravatar.com\/avatar\/473cc339d9b9391f3f7187c6519cb28905b09b5c946ffa4b9f7ccaf17270ac93?s=96&d=mm&r=g\",\"caption\":\"Julie\"},\"description\":\"Blog de voyage depuis 2007 \u2014 Renaud &amp; Louise partagent \u00e0 travers Carnets de traverse leurs belles exp\u00e9riences de voyages \u2014 d'inspirants carnets de voyage, de bons conseils pour de magnifiques road trips, des city guides cools et de belles adresses d'h\u00f4tels. Un blog indispensable pour rechercher toute son inspiration voyage !\",\"sameAs\":[\"https:\/\/www.carnets-de-traverse.com\/\",\"https:\/\/www.facebook.com\/carnetsdetraverse\",\"https:\/\/x.com\/CarnetsTraverse\"],\"url\":\"https:\/\/www.carnets-de-traverse.com\/blog\/author\/cdt\"}]}<\/script>\n<!-- \/ Yoast SEO Premium plugin. -->","yoast_head_json":{"title":"Mes 10 coups de c\u0153ur \u00e0 faire \u00e0 la R\u00e9union - Blog voyage","description":"\u00c0 voir, \u00e0 faire \u00e0 La R\u00e9union : volcan, cascades, plong\u00e9e, randonn\u00e9es, sorties, ULM, plages, cirques, nature,... Mes coups de c\u0153ur et souvenirs pr\u00e9f\u00e9r\u00e9s !","robots":{"index":"index","follow":"follow","max-snippet":"max-snippet:-1","max-image-preview":"max-image-preview:large","max-video-preview":"max-video-preview:-1"},"canonical":"https:\/\/www.carnets-de-traverse.com\/blog\/a-faire-a-la-reunion-1","og_locale":"fr_FR","og_type":"article","og_title":"Mes coups de coeur et endroits pr\u00e9f\u00e9r\u00e9s \u00e0 La R\u00e9union (1\/2)","og_description":"\u00c0 voir, \u00e0 faire \u00e0 La R\u00e9union : volcan, cascades, plong\u00e9e, randonn\u00e9es, sorties, ULM, plages, cirques, nature,... Mes coups de c\u0153ur et souvenirs pr\u00e9f\u00e9r\u00e9s !","og_url":"https:\/\/www.carnets-de-traverse.com\/blog\/a-faire-a-la-reunion-1","og_site_name":"\u2716 Carnets de traverse","article_author":"https:\/\/www.facebook.com\/carnetsdetraverse","article_published_time":"2012-11-07T09:00:35+00:00","article_modified_time":"2019-01-20T15:57:27+00:00","og_image":[{"width":800,"height":534,"url":"https:\/\/www.carnets-de-traverse.com\/blog\/wp-content\/uploads\/2012\/10\/8063638229_4e3bfdce3f_c.jpeg","type":"image\/jpeg"}],"author":"Julie","twitter_card":"summary_large_image","twitter_creator":"@CarnetsTraverse","twitter_misc":{"\u00c9crit par":"Julie","Dur\u00e9e de lecture estim\u00e9e":"10 minutes"},"schema":{"@context":"https:\/\/schema.org","@graph":[{"@type":"WebPage","@id":"https:\/\/www.carnets-de-traverse.com\/blog\/a-faire-a-la-reunion-1","url":"https:\/\/www.carnets-de-traverse.com\/blog\/a-faire-a-la-reunion-1","name":"Mes 10 coups de c\u0153ur \u00e0 faire \u00e0 la R\u00e9union - Blog voyage","isPartOf":{"@id":"https:\/\/www.carnets-de-traverse.com\/blog\/#website"},"primaryImageOfPage":{"@id":"https:\/\/www.carnets-de-traverse.com\/blog\/a-faire-a-la-reunion-1#primaryimage"},"image":{"@id":"https:\/\/www.carnets-de-traverse.com\/blog\/a-faire-a-la-reunion-1#primaryimage"},"thumbnailUrl":"https:\/\/www.carnets-de-traverse.com\/blog\/wp-content\/uploads\/2012\/10\/8063638229_4e3bfdce3f_c.jpeg","datePublished":"2012-11-07T09:00:35+00:00","dateModified":"2019-01-20T15:57:27+00:00","author":{"@id":"https:\/\/www.carnets-de-traverse.com\/blog\/#\/schema\/person\/ccae62cb1d2c1e55dc732d88750491c4"},"description":"\u00c0 voir, \u00e0 faire \u00e0 La R\u00e9union : volcan, cascades, plong\u00e9e, randonn\u00e9es, sorties, ULM, plages, cirques, nature,... Mes coups de c\u0153ur et souvenirs pr\u00e9f\u00e9r\u00e9s !","breadcrumb":{"@id":"https:\/\/www.carnets-de-traverse.com\/blog\/a-faire-a-la-reunion-1#breadcrumb"},"inLanguage":"fr-FR","potentialAction":[{"@type":"ReadAction","target":["https:\/\/www.carnets-de-traverse.com\/blog\/a-faire-a-la-reunion-1"]}]},{"@type":"ImageObject","inLanguage":"fr-FR","@id":"https:\/\/www.carnets-de-traverse.com\/blog\/a-faire-a-la-reunion-1#primaryimage","url":"https:\/\/www.carnets-de-traverse.com\/blog\/wp-content\/uploads\/2012\/10\/8063638229_4e3bfdce3f_c.jpeg","contentUrl":"https:\/\/www.carnets-de-traverse.com\/blog\/wp-content\/uploads\/2012\/10\/8063638229_4e3bfdce3f_c.jpeg","width":"800","height":"534","caption":"Sur le march\u00e9 de St Paul"},{"@type":"BreadcrumbList","@id":"https:\/\/www.carnets-de-traverse.com\/blog\/a-faire-a-la-reunion-1#breadcrumb","itemListElement":[{"@type":"ListItem","position":1,"name":"Accueil","item":"https:\/\/www.carnets-de-traverse.com\/blog"},{"@type":"ListItem","position":2,"name":"Mes coups de coeur et endroits pr\u00e9f\u00e9r\u00e9s \u00e0 La R\u00e9union (1\/2)"}]},{"@type":"WebSite","@id":"https:\/\/www.carnets-de-traverse.com\/blog\/#website","url":"https:\/\/www.carnets-de-traverse.com\/blog\/","name":"\u2716 Carnets de traverse","description":"Blog voyage, photographie et carnets de voyage","potentialAction":[{"@type":"SearchAction","target":{"@type":"EntryPoint","urlTemplate":"https:\/\/www.carnets-de-traverse.com\/blog\/?s={search_term_string}"},"query-input":{"@type":"PropertyValueSpecification","valueRequired":true,"valueName":"search_term_string"}}],"inLanguage":"fr-FR"},{"@type":"Person","@id":"https:\/\/www.carnets-de-traverse.com\/blog\/#\/schema\/person\/ccae62cb1d2c1e55dc732d88750491c4","name":"Julie","image":{"@type":"ImageObject","inLanguage":"fr-FR","@id":"https:\/\/www.carnets-de-traverse.com\/blog\/#\/schema\/person\/image\/","url":"https:\/\/secure.gravatar.com\/avatar\/473cc339d9b9391f3f7187c6519cb28905b09b5c946ffa4b9f7ccaf17270ac93?s=96&d=mm&r=g","contentUrl":"https:\/\/secure.gravatar.com\/avatar\/473cc339d9b9391f3f7187c6519cb28905b09b5c946ffa4b9f7ccaf17270ac93?s=96&d=mm&r=g","caption":"Julie"},"description":"Blog de voyage depuis 2007 \u2014 Renaud &amp; Louise partagent \u00e0 travers Carnets de traverse leurs belles exp\u00e9riences de voyages \u2014 d'inspirants carnets de voyage, de bons conseils pour de magnifiques road trips, des city guides cools et de belles adresses d'h\u00f4tels. Un blog indispensable pour rechercher toute son inspiration voyage !","sameAs":["https:\/\/www.carnets-de-traverse.com\/","https:\/\/www.facebook.com\/carnetsdetraverse","https:\/\/x.com\/CarnetsTraverse"],"url":"https:\/\/www.carnets-de-traverse.com\/blog\/author\/cdt"}]}},"_links":{"self":[{"href":"https:\/\/www.carnets-de-traverse.com\/blog\/wp-json\/wp\/v2\/posts\/3587","targetHints":{"allow":["GET"]}}],"collection":[{"href":"https:\/\/www.carnets-de-traverse.com\/blog\/wp-json\/wp\/v2\/posts"}],"about":[{"href":"https:\/\/www.carnets-de-traverse.com\/blog\/wp-json\/wp\/v2\/types\/post"}],"author":[{"embeddable":true,"href":"https:\/\/www.carnets-de-traverse.com\/blog\/wp-json\/wp\/v2\/users\/1"}],"replies":[{"embeddable":true,"href":"https:\/\/www.carnets-de-traverse.com\/blog\/wp-json\/wp\/v2\/comments?post=3587"}],"version-history":[{"count":0,"href":"https:\/\/www.carnets-de-traverse.com\/blog\/wp-json\/wp\/v2\/posts\/3587\/revisions"}],"wp:featuredmedia":[{"embeddable":true,"href":"https:\/\/www.carnets-de-traverse.com\/blog\/wp-json\/wp\/v2\/media\/8755"}],"wp:attachment":[{"href":"https:\/\/www.carnets-de-traverse.com\/blog\/wp-json\/wp\/v2\/media?parent=3587"}],"wp:term":[{"taxonomy":"category","embeddable":true,"href":"https:\/\/www.carnets-de-traverse.com\/blog\/wp-json\/wp\/v2\/categories?post=3587"},{"taxonomy":"post_tag","embeddable":true,"href":"https:\/\/www.carnets-de-traverse.com\/blog\/wp-json\/wp\/v2\/tags?post=3587"}],"curies":[{"name":"wp","href":"https:\/\/api.w.org\/{rel}","templated":true}]}}