{"id":3787,"date":"2012-11-04T21:20:55","date_gmt":"2012-11-04T20:20:55","guid":{"rendered":"http:\/\/www.carnets-de-traverse.com\/blog\/?p=3787"},"modified":"2015-04-02T13:22:59","modified_gmt":"2015-04-02T11:22:59","slug":"ulm-la-reunion","status":"publish","type":"post","link":"https:\/\/www.carnets-de-traverse.com\/blog\/ulm-la-reunion","title":{"rendered":"Survolez La R\u00e9union en ULM"},"content":{"rendered":"<p>\u00c0 La R\u00e9union, faites un tour de l&rsquo;\u00eele en ULM si votre budget vous le permet (dans les 200 \u20ac), c&rsquo;est vraiment tr\u00e8s impressionnant ! On est tout seul avec le pilote, dans une esp\u00e8ce de coquille de noix vitr\u00e9e \u00e0 plus de 3000 m\u00e8tres d&rsquo;altitude : sensations garanties ! Je ne suis pas du genre trouillarde mais j&rsquo;avoue que des perturbations au-dessus de Mafate ont eu raison de mon sang-froid ! Heureusement, c&rsquo;est vite pass\u00e9.<\/p>\n<p><img fetchpriority=\"high\" decoding=\"async\" class=\"size-full wp-image-8832\" title=\"Mafate et le Maido, vu de l'ULM\" src=\"http:\/\/www.carnets-de-traverse.com\/blog\/wp-content\/uploads\/2012\/11\/02-Mafate-par-Maido.jpg\" alt=\"Mafate et le Maido, vu de l'ULM\" width=\"750\" height=\"563\" srcset=\"https:\/\/www.carnets-de-traverse.com\/blog\/wp-content\/uploads\/2012\/11\/02-Mafate-par-Maido.jpg 750w, https:\/\/www.carnets-de-traverse.com\/blog\/wp-content\/uploads\/2012\/11\/02-Mafate-par-Maido-399x300.jpg 399w, https:\/\/www.carnets-de-traverse.com\/blog\/wp-content\/uploads\/2012\/11\/02-Mafate-par-Maido-600x450.jpg 600w\" sizes=\"(max-width: 750px) 100vw, 750px\" \/><\/p>\n<div id=\"attachment_6107\" style=\"width: 760px\" class=\"wp-caption alignleft\"><img decoding=\"async\" aria-describedby=\"caption-attachment-6107\" class=\"size-large wp-image-6107\" title=\"La R\u00e9union en ULM, le Maido\" src=\"http:\/\/www.carnets-de-traverse.com\/blog\/wp-content\/uploads\/2012\/07\/28-Maido-750x562.jpg\" alt=\"La R\u00e9union en ULM, le Maido\" width=\"750\" height=\"562\" srcset=\"https:\/\/www.carnets-de-traverse.com\/blog\/wp-content\/uploads\/2012\/07\/28-Maido-750x562.jpg 750w, https:\/\/www.carnets-de-traverse.com\/blog\/wp-content\/uploads\/2012\/07\/28-Maido-399x300.jpg 399w, https:\/\/www.carnets-de-traverse.com\/blog\/wp-content\/uploads\/2012\/07\/28-Maido-600x450.jpg 600w, https:\/\/www.carnets-de-traverse.com\/blog\/wp-content\/uploads\/2012\/07\/28-Maido.jpg 954w\" sizes=\"(max-width: 750px) 100vw, 750px\" \/><p id=\"caption-attachment-6107\" class=\"wp-caption-text\">Le Maido, vu de Mafate<\/p><\/div>\n<p>C&rsquo;\u00e9tait l&rsquo;hiver austral, donc on avait des <a title=\"ULM 3 axes\" href=\"http:\/\/goo.gl\/s43LJ\" target=\"_blank\" rel=\"nofollow\">ULM 3 axes<\/a>, sortes de petits avions (il ferait trop froid \u00e0 3000 m\u00e8tres \u00e0 l&rsquo;air libre) mais j&rsquo;imagine ce que \u00e7a doit \u00eatre en <a title=\"ULM pendulaire\" href=\"http:\/\/goo.gl\/116Sy\" target=\"_blank\" rel=\"nofollow\">ULM pendulaire<\/a> en \u00e9t\u00e9 !! En tous cas, on se sent vraiment petit, et quelle beaut\u00e9&#8230; Franchement, \u00e7a vaut le coup.<\/p>\n<p><img decoding=\"async\" class=\"alignleft size-full wp-image-8839\" title=\"ULM \u00e0 la R\u00e9union\" src=\"http:\/\/www.carnets-de-traverse.com\/blog\/wp-content\/uploads\/2012\/11\/27-ULM-Julie.jpg\" alt=\"ULM \u00e0 la R\u00e9union\" width=\"750\" height=\"563\" srcset=\"https:\/\/www.carnets-de-traverse.com\/blog\/wp-content\/uploads\/2012\/11\/27-ULM-Julie.jpg 750w, https:\/\/www.carnets-de-traverse.com\/blog\/wp-content\/uploads\/2012\/11\/27-ULM-Julie-399x300.jpg 399w, https:\/\/www.carnets-de-traverse.com\/blog\/wp-content\/uploads\/2012\/11\/27-ULM-Julie-600x450.jpg 600w\" sizes=\"(max-width: 750px) 100vw, 750px\" \/><\/p>\n<div id=\"attachment_8835\" style=\"width: 760px\" class=\"wp-caption alignleft\"><img loading=\"lazy\" decoding=\"async\" aria-describedby=\"caption-attachment-8835\" class=\"size-full wp-image-8835\" title=\"Le Piton des Neiges et le col du Ta\u00efbit, vus de Salazie\" src=\"http:\/\/www.carnets-de-traverse.com\/blog\/wp-content\/uploads\/2012\/11\/09-Vue-sur-le-piton-et-le-col-du-Taibit-de-Salazie.jpg\" alt=\"Le Piton des Neiges et le col du Ta\u00efbit, vus de Salazie\" width=\"750\" height=\"563\" srcset=\"https:\/\/www.carnets-de-traverse.com\/blog\/wp-content\/uploads\/2012\/11\/09-Vue-sur-le-piton-et-le-col-du-Taibit-de-Salazie.jpg 750w, https:\/\/www.carnets-de-traverse.com\/blog\/wp-content\/uploads\/2012\/11\/09-Vue-sur-le-piton-et-le-col-du-Taibit-de-Salazie-399x300.jpg 399w, https:\/\/www.carnets-de-traverse.com\/blog\/wp-content\/uploads\/2012\/11\/09-Vue-sur-le-piton-et-le-col-du-Taibit-de-Salazie-600x450.jpg 600w\" sizes=\"(max-width: 750px) 100vw, 750px\" \/><p id=\"caption-attachment-8835\" class=\"wp-caption-text\">Le Piton des Neiges et le col du Ta\u00efbit, vus de Salazie<\/p><\/div>\n<div id=\"attachment_8844\" style=\"width: 760px\" class=\"wp-caption alignleft\"><img loading=\"lazy\" decoding=\"async\" aria-describedby=\"caption-attachment-8844\" class=\"size-full wp-image-8844\" title=\"Autour du Piton des Neiges, ULM, La R\u00e9union\" src=\"http:\/\/www.carnets-de-traverse.com\/blog\/wp-content\/uploads\/2012\/11\/25-Piton-des-Neiges.jpg\" alt=\"Autour du Piton des Neiges, ULM, La R\u00e9union\" width=\"750\" height=\"563\" srcset=\"https:\/\/www.carnets-de-traverse.com\/blog\/wp-content\/uploads\/2012\/11\/25-Piton-des-Neiges.jpg 750w, https:\/\/www.carnets-de-traverse.com\/blog\/wp-content\/uploads\/2012\/11\/25-Piton-des-Neiges-399x300.jpg 399w, https:\/\/www.carnets-de-traverse.com\/blog\/wp-content\/uploads\/2012\/11\/25-Piton-des-Neiges-600x450.jpg 600w\" sizes=\"(max-width: 750px) 100vw, 750px\" \/><p id=\"caption-attachment-8844\" class=\"wp-caption-text\">On tourne autour du Piton des Neiges<\/p><\/div>\n<p>Malheureusement ce jour-l\u00e0, le volcan est sous les nuages. Normalement on le survole aussi, ainsi que la Plaine des Sables, ce qui doit \u00eatre aussi un magnifique spectacle.<\/p>\n<div id=\"attachment_6087\" style=\"width: 760px\" class=\"wp-caption alignleft\"><img loading=\"lazy\" decoding=\"async\" aria-describedby=\"caption-attachment-6087\" class=\"size-large wp-image-6087\" title=\"La R\u00e9union en ULM, lagon\" src=\"http:\/\/www.carnets-de-traverse.com\/blog\/wp-content\/uploads\/2012\/07\/31-Lagon-Hermitage-750x562.jpg\" alt=\"La R\u00e9union en ULM, lagon\" width=\"750\" height=\"562\" srcset=\"https:\/\/www.carnets-de-traverse.com\/blog\/wp-content\/uploads\/2012\/07\/31-Lagon-Hermitage-750x562.jpg 750w, https:\/\/www.carnets-de-traverse.com\/blog\/wp-content\/uploads\/2012\/07\/31-Lagon-Hermitage-399x300.jpg 399w, https:\/\/www.carnets-de-traverse.com\/blog\/wp-content\/uploads\/2012\/07\/31-Lagon-Hermitage-600x450.jpg 600w, https:\/\/www.carnets-de-traverse.com\/blog\/wp-content\/uploads\/2012\/07\/31-Lagon-Hermitage.jpg 954w\" sizes=\"(max-width: 750px) 100vw, 750px\" \/><p id=\"caption-attachment-6087\" class=\"wp-caption-text\">Le lagon de l&rsquo;Hermitage<\/p><\/div>\n<p><img loading=\"lazy\" decoding=\"async\" class=\"size-full wp-image-8854\" title=\"Lagon, La R\u00e9union en ULM\" src=\"http:\/\/www.carnets-de-traverse.com\/blog\/wp-content\/uploads\/2012\/11\/DSC03354.jpg\" alt=\"Lagon, La R\u00e9union en ULM\" width=\"750\" height=\"563\" srcset=\"https:\/\/www.carnets-de-traverse.com\/blog\/wp-content\/uploads\/2012\/11\/DSC03354.jpg 750w, https:\/\/www.carnets-de-traverse.com\/blog\/wp-content\/uploads\/2012\/11\/DSC03354-399x300.jpg 399w, https:\/\/www.carnets-de-traverse.com\/blog\/wp-content\/uploads\/2012\/11\/DSC03354-600x450.jpg 600w\" sizes=\"(max-width: 750px) 100vw, 750px\" \/><\/p>\n<div id=\"attachment_8821\" style=\"width: 760px\" class=\"wp-caption alignleft\"><img loading=\"lazy\" decoding=\"async\" aria-describedby=\"caption-attachment-8821\" class=\"size-full wp-image-8821\" title=\"March\u00e9 de St Paul, vu de l'ULM\" src=\"http:\/\/www.carnets-de-traverse.com\/blog\/wp-content\/uploads\/2012\/11\/38-Marche-de-St-Paul.jpg\" alt=\"March\u00e9 de St Paul, vu de l'ULM\" width=\"750\" height=\"563\" srcset=\"https:\/\/www.carnets-de-traverse.com\/blog\/wp-content\/uploads\/2012\/11\/38-Marche-de-St-Paul.jpg 750w, https:\/\/www.carnets-de-traverse.com\/blog\/wp-content\/uploads\/2012\/11\/38-Marche-de-St-Paul-399x300.jpg 399w, https:\/\/www.carnets-de-traverse.com\/blog\/wp-content\/uploads\/2012\/11\/38-Marche-de-St-Paul-600x450.jpg 600w\" sizes=\"(max-width: 750px) 100vw, 750px\" \/><p id=\"caption-attachment-8821\" class=\"wp-caption-text\">Le march\u00e9 de St Paul, juste avant\u00a0l&rsquo;atterrissage<\/p><\/div>\n<p>Je me suis adress\u00e9e \u00e0\u00a0<a title=\"Les Passagers du Vent\" href=\"http:\/\/bit.ly\/1NDxI4s\" target=\"_blank\" rel=\"nofollow\">Les Passagers du Vent<\/a>\u00a0\u00e0 St Paul, mais il y en a d&rsquo;autres tr\u00e8s bien aussi comme\u00a0<a title=\"Felix ULM\" href=\"http:\/\/bit.ly\/1y29Rd3\" target=\"_blank\" rel=\"nofollow\">Felix ULM<\/a>\u00a0\u00e0 St Paul,\u00a0<a title=\"Papangue ULM\" href=\"http:\/\/bit.ly\/1Dra5wk\" target=\"_blank\" rel=\"nofollow\">Papangue ULM<\/a>\u00a0\u00e0 l&rsquo;a\u00e9roport Rolland Garros (Ste Marie) ou encore si vous \u00eates dans le Sud\u00a0<a title=\"ULM Planetair974\" href=\"http:\/\/bit.ly\/1BThsqu\" target=\"_blank\" rel=\"nofollow\">ULM Planetair974<\/a>\u00a0\u00e0 St Pierre. Il y a l&rsquo;h\u00e9licopt\u00e8re aussi, mais c&rsquo;est plus cher (dans les 250\u20ac \/ personne) et plus bruyant. L&rsquo;avantage toutefois de l&rsquo;h\u00e9licopt\u00e8re est qu&rsquo;il peut descendre et rester en stationnaire, notamment dans le\u00a0<a title=\"Trou de Fer\" href=\"http:\/\/fr.wikipedia.org\/wiki\/Trou_de_Fer\" target=\"_blank\" rel=\"nofollow\">Trou de Fer<\/a>, que l&rsquo;on ne peut que survoler en ULM.<\/p>\n<p>Voici ma vid\u00e9o de l&rsquo;\u00e9poque, elle est longue (et elle date !) mais donne un bon aper\u00e7u de ce qu&rsquo;il se passe lors d&rsquo;un vol de ce genre, si l&rsquo;aventure vous tente :<\/p>\n<p><iframe src=\"http:\/\/player.vimeo.com\/video\/46056034\" width=\"500\" height=\"425\" frameborder=\"0\"><\/iframe><\/p>\n<p>Pour moi c&rsquo;est en tous cas un souvenir inoubliable. Et pas seulement \u00e0 cause des (petites) perturbations :)<\/p>\n<p>Retrouvez ici <a title=\"Mes coups de coeur et endroits pr\u00e9f\u00e9r\u00e9s \u00e0 La R\u00e9union (1\/2)\" href=\"http:\/\/www.carnets-de-traverse.com\/blog\/a-faire-a-la-reunion-1\">mon top 10 de choses \u00e0 faire \u00e0 La R\u00e9union !<\/a><\/p>\n","protected":false},"excerpt":{"rendered":"<p>Faire un tour d&rsquo;ULM \u00e0 La R\u00e9union est vraiment tr\u00e8s impressionnant ! Un souvenir que je garderai longtemps&#8230; Mon avis, photos et vid\u00e9o \u00e0 l&rsquo;appui.<\/p>\n","protected":false},"author":1,"featured_media":8839,"comment_status":"open","ping_status":"open","sticky":false,"template":"","format":"standard","meta":{"footnotes":""},"categories":[10],"tags":[135],"class_list":["post-3787","post","type-post","status-publish","format-standard","has-post-thumbnail","hentry","category-la-reunion","tag-nature"],"yoast_head":"<!-- This site is optimized with the Yoast SEO Premium plugin v17.9 (Yoast SEO v24.9) - https:\/\/yoast.com\/wordpress\/plugins\/seo\/ -->\n<title>ULM \u00e0 La R\u00e9union - Blog voyage et photo<\/title>\n<meta name=\"description\" content=\"Faire un tour d&#039;ULM au-dessus de l&#039;\u00eele de La R\u00e9union est vraiment impressionnant ! Un souvenir que je garderai longtemps... Mon avis, en photos et vid\u00e9o.\" \/>\n<meta name=\"robots\" content=\"index, follow, max-snippet:-1, max-image-preview:large, max-video-preview:-1\" \/>\n<link rel=\"canonical\" href=\"https:\/\/www.carnets-de-traverse.com\/blog\/ulm-la-reunion\" \/>\n<meta property=\"og:locale\" content=\"fr_FR\" \/>\n<meta property=\"og:type\" content=\"article\" \/>\n<meta property=\"og:title\" content=\"Survolez La R\u00e9union en ULM\" \/>\n<meta property=\"og:description\" content=\"Faire un tour d&#039;ULM au-dessus de l&#039;\u00eele de La R\u00e9union est vraiment impressionnant ! Un souvenir que je garderai longtemps... Mon avis, en photos et vid\u00e9o.\" \/>\n<meta property=\"og:url\" content=\"https:\/\/www.carnets-de-traverse.com\/blog\/ulm-la-reunion\" \/>\n<meta property=\"og:site_name\" content=\"\u2716 Carnets de traverse\" \/>\n<meta property=\"article:author\" content=\"https:\/\/www.facebook.com\/carnetsdetraverse\" \/>\n<meta property=\"article:published_time\" content=\"2012-11-04T20:20:55+00:00\" \/>\n<meta property=\"article:modified_time\" content=\"2015-04-02T11:22:59+00:00\" \/>\n<meta property=\"og:image\" content=\"https:\/\/www.carnets-de-traverse.com\/blog\/wp-content\/uploads\/2012\/11\/27-ULM-Julie.jpg\" \/>\n\t<meta property=\"og:image:width\" content=\"750\" \/>\n\t<meta property=\"og:image:height\" content=\"563\" \/>\n\t<meta property=\"og:image:type\" content=\"image\/jpeg\" \/>\n<meta name=\"author\" content=\"Julie\" \/>\n<meta name=\"twitter:card\" content=\"summary_large_image\" \/>\n<meta name=\"twitter:creator\" content=\"@CarnetsTraverse\" \/>\n<meta name=\"twitter:label1\" content=\"\u00c9crit par\" \/>\n\t<meta name=\"twitter:data1\" content=\"Julie\" \/>\n\t<meta name=\"twitter:label2\" content=\"Dur\u00e9e de lecture estim\u00e9e\" \/>\n\t<meta name=\"twitter:data2\" content=\"2 minutes\" \/>\n<script type=\"application\/ld+json\" class=\"yoast-schema-graph\">{\"@context\":\"https:\/\/schema.org\",\"@graph\":[{\"@type\":\"WebPage\",\"@id\":\"https:\/\/www.carnets-de-traverse.com\/blog\/ulm-la-reunion\",\"url\":\"https:\/\/www.carnets-de-traverse.com\/blog\/ulm-la-reunion\",\"name\":\"ULM \u00e0 La R\u00e9union - Blog voyage et photo\",\"isPartOf\":{\"@id\":\"https:\/\/www.carnets-de-traverse.com\/blog\/#website\"},\"primaryImageOfPage\":{\"@id\":\"https:\/\/www.carnets-de-traverse.com\/blog\/ulm-la-reunion#primaryimage\"},\"image\":{\"@id\":\"https:\/\/www.carnets-de-traverse.com\/blog\/ulm-la-reunion#primaryimage\"},\"thumbnailUrl\":\"https:\/\/www.carnets-de-traverse.com\/blog\/wp-content\/uploads\/2012\/11\/27-ULM-Julie.jpg\",\"datePublished\":\"2012-11-04T20:20:55+00:00\",\"dateModified\":\"2015-04-02T11:22:59+00:00\",\"author\":{\"@id\":\"https:\/\/www.carnets-de-traverse.com\/blog\/#\/schema\/person\/ccae62cb1d2c1e55dc732d88750491c4\"},\"description\":\"Faire un tour d'ULM au-dessus de l'\u00eele de La R\u00e9union est vraiment impressionnant ! Un souvenir que je garderai longtemps... Mon avis, en photos et vid\u00e9o.\",\"breadcrumb\":{\"@id\":\"https:\/\/www.carnets-de-traverse.com\/blog\/ulm-la-reunion#breadcrumb\"},\"inLanguage\":\"fr-FR\",\"potentialAction\":[{\"@type\":\"ReadAction\",\"target\":[\"https:\/\/www.carnets-de-traverse.com\/blog\/ulm-la-reunion\"]}]},{\"@type\":\"ImageObject\",\"inLanguage\":\"fr-FR\",\"@id\":\"https:\/\/www.carnets-de-traverse.com\/blog\/ulm-la-reunion#primaryimage\",\"url\":\"https:\/\/www.carnets-de-traverse.com\/blog\/wp-content\/uploads\/2012\/11\/27-ULM-Julie.jpg\",\"contentUrl\":\"https:\/\/www.carnets-de-traverse.com\/blog\/wp-content\/uploads\/2012\/11\/27-ULM-Julie.jpg\",\"width\":\"750\",\"height\":\"563\",\"caption\":\"ULM \u00e0 la R\u00e9union\"},{\"@type\":\"BreadcrumbList\",\"@id\":\"https:\/\/www.carnets-de-traverse.com\/blog\/ulm-la-reunion#breadcrumb\",\"itemListElement\":[{\"@type\":\"ListItem\",\"position\":1,\"name\":\"Accueil\",\"item\":\"https:\/\/www.carnets-de-traverse.com\/blog\"},{\"@type\":\"ListItem\",\"position\":2,\"name\":\"Survolez La R\u00e9union en ULM\"}]},{\"@type\":\"WebSite\",\"@id\":\"https:\/\/www.carnets-de-traverse.com\/blog\/#website\",\"url\":\"https:\/\/www.carnets-de-traverse.com\/blog\/\",\"name\":\"\u2716 Carnets de traverse\",\"description\":\"Blog voyage, photographie et carnets de voyage\",\"potentialAction\":[{\"@type\":\"SearchAction\",\"target\":{\"@type\":\"EntryPoint\",\"urlTemplate\":\"https:\/\/www.carnets-de-traverse.com\/blog\/?s={search_term_string}\"},\"query-input\":{\"@type\":\"PropertyValueSpecification\",\"valueRequired\":true,\"valueName\":\"search_term_string\"}}],\"inLanguage\":\"fr-FR\"},{\"@type\":\"Person\",\"@id\":\"https:\/\/www.carnets-de-traverse.com\/blog\/#\/schema\/person\/ccae62cb1d2c1e55dc732d88750491c4\",\"name\":\"Julie\",\"image\":{\"@type\":\"ImageObject\",\"inLanguage\":\"fr-FR\",\"@id\":\"https:\/\/www.carnets-de-traverse.com\/blog\/#\/schema\/person\/image\/\",\"url\":\"https:\/\/secure.gravatar.com\/avatar\/473cc339d9b9391f3f7187c6519cb28905b09b5c946ffa4b9f7ccaf17270ac93?s=96&d=mm&r=g\",\"contentUrl\":\"https:\/\/secure.gravatar.com\/avatar\/473cc339d9b9391f3f7187c6519cb28905b09b5c946ffa4b9f7ccaf17270ac93?s=96&d=mm&r=g\",\"caption\":\"Julie\"},\"description\":\"Blog de voyage depuis 2007 \u2014 Renaud &amp; Louise partagent \u00e0 travers Carnets de traverse leurs belles exp\u00e9riences de voyages \u2014 d'inspirants carnets de voyage, de bons conseils pour de magnifiques road trips, des city guides cools et de belles adresses d'h\u00f4tels. Un blog indispensable pour rechercher toute son inspiration voyage !\",\"sameAs\":[\"https:\/\/www.carnets-de-traverse.com\/\",\"https:\/\/www.facebook.com\/carnetsdetraverse\",\"https:\/\/x.com\/CarnetsTraverse\"],\"url\":\"https:\/\/www.carnets-de-traverse.com\/blog\/author\/cdt\"}]}<\/script>\n<!-- \/ Yoast SEO Premium plugin. -->","yoast_head_json":{"title":"ULM \u00e0 La R\u00e9union - Blog voyage et photo","description":"Faire un tour d'ULM au-dessus de l'\u00eele de La R\u00e9union est vraiment impressionnant ! Un souvenir que je garderai longtemps... Mon avis, en photos et vid\u00e9o.","robots":{"index":"index","follow":"follow","max-snippet":"max-snippet:-1","max-image-preview":"max-image-preview:large","max-video-preview":"max-video-preview:-1"},"canonical":"https:\/\/www.carnets-de-traverse.com\/blog\/ulm-la-reunion","og_locale":"fr_FR","og_type":"article","og_title":"Survolez La R\u00e9union en ULM","og_description":"Faire un tour d'ULM au-dessus de l'\u00eele de La R\u00e9union est vraiment impressionnant ! Un souvenir que je garderai longtemps... Mon avis, en photos et vid\u00e9o.","og_url":"https:\/\/www.carnets-de-traverse.com\/blog\/ulm-la-reunion","og_site_name":"\u2716 Carnets de traverse","article_author":"https:\/\/www.facebook.com\/carnetsdetraverse","article_published_time":"2012-11-04T20:20:55+00:00","article_modified_time":"2015-04-02T11:22:59+00:00","og_image":[{"width":750,"height":563,"url":"https:\/\/www.carnets-de-traverse.com\/blog\/wp-content\/uploads\/2012\/11\/27-ULM-Julie.jpg","type":"image\/jpeg"}],"author":"Julie","twitter_card":"summary_large_image","twitter_creator":"@CarnetsTraverse","twitter_misc":{"\u00c9crit par":"Julie","Dur\u00e9e de lecture estim\u00e9e":"2 minutes"},"schema":{"@context":"https:\/\/schema.org","@graph":[{"@type":"WebPage","@id":"https:\/\/www.carnets-de-traverse.com\/blog\/ulm-la-reunion","url":"https:\/\/www.carnets-de-traverse.com\/blog\/ulm-la-reunion","name":"ULM \u00e0 La R\u00e9union - Blog voyage et photo","isPartOf":{"@id":"https:\/\/www.carnets-de-traverse.com\/blog\/#website"},"primaryImageOfPage":{"@id":"https:\/\/www.carnets-de-traverse.com\/blog\/ulm-la-reunion#primaryimage"},"image":{"@id":"https:\/\/www.carnets-de-traverse.com\/blog\/ulm-la-reunion#primaryimage"},"thumbnailUrl":"https:\/\/www.carnets-de-traverse.com\/blog\/wp-content\/uploads\/2012\/11\/27-ULM-Julie.jpg","datePublished":"2012-11-04T20:20:55+00:00","dateModified":"2015-04-02T11:22:59+00:00","author":{"@id":"https:\/\/www.carnets-de-traverse.com\/blog\/#\/schema\/person\/ccae62cb1d2c1e55dc732d88750491c4"},"description":"Faire un tour d'ULM au-dessus de l'\u00eele de La R\u00e9union est vraiment impressionnant ! Un souvenir que je garderai longtemps... Mon avis, en photos et vid\u00e9o.","breadcrumb":{"@id":"https:\/\/www.carnets-de-traverse.com\/blog\/ulm-la-reunion#breadcrumb"},"inLanguage":"fr-FR","potentialAction":[{"@type":"ReadAction","target":["https:\/\/www.carnets-de-traverse.com\/blog\/ulm-la-reunion"]}]},{"@type":"ImageObject","inLanguage":"fr-FR","@id":"https:\/\/www.carnets-de-traverse.com\/blog\/ulm-la-reunion#primaryimage","url":"https:\/\/www.carnets-de-traverse.com\/blog\/wp-content\/uploads\/2012\/11\/27-ULM-Julie.jpg","contentUrl":"https:\/\/www.carnets-de-traverse.com\/blog\/wp-content\/uploads\/2012\/11\/27-ULM-Julie.jpg","width":"750","height":"563","caption":"ULM \u00e0 la R\u00e9union"},{"@type":"BreadcrumbList","@id":"https:\/\/www.carnets-de-traverse.com\/blog\/ulm-la-reunion#breadcrumb","itemListElement":[{"@type":"ListItem","position":1,"name":"Accueil","item":"https:\/\/www.carnets-de-traverse.com\/blog"},{"@type":"ListItem","position":2,"name":"Survolez La R\u00e9union en ULM"}]},{"@type":"WebSite","@id":"https:\/\/www.carnets-de-traverse.com\/blog\/#website","url":"https:\/\/www.carnets-de-traverse.com\/blog\/","name":"\u2716 Carnets de traverse","description":"Blog voyage, photographie et carnets de voyage","potentialAction":[{"@type":"SearchAction","target":{"@type":"EntryPoint","urlTemplate":"https:\/\/www.carnets-de-traverse.com\/blog\/?s={search_term_string}"},"query-input":{"@type":"PropertyValueSpecification","valueRequired":true,"valueName":"search_term_string"}}],"inLanguage":"fr-FR"},{"@type":"Person","@id":"https:\/\/www.carnets-de-traverse.com\/blog\/#\/schema\/person\/ccae62cb1d2c1e55dc732d88750491c4","name":"Julie","image":{"@type":"ImageObject","inLanguage":"fr-FR","@id":"https:\/\/www.carnets-de-traverse.com\/blog\/#\/schema\/person\/image\/","url":"https:\/\/secure.gravatar.com\/avatar\/473cc339d9b9391f3f7187c6519cb28905b09b5c946ffa4b9f7ccaf17270ac93?s=96&d=mm&r=g","contentUrl":"https:\/\/secure.gravatar.com\/avatar\/473cc339d9b9391f3f7187c6519cb28905b09b5c946ffa4b9f7ccaf17270ac93?s=96&d=mm&r=g","caption":"Julie"},"description":"Blog de voyage depuis 2007 \u2014 Renaud &amp; Louise partagent \u00e0 travers Carnets de traverse leurs belles exp\u00e9riences de voyages \u2014 d'inspirants carnets de voyage, de bons conseils pour de magnifiques road trips, des city guides cools et de belles adresses d'h\u00f4tels. Un blog indispensable pour rechercher toute son inspiration voyage !","sameAs":["https:\/\/www.carnets-de-traverse.com\/","https:\/\/www.facebook.com\/carnetsdetraverse","https:\/\/x.com\/CarnetsTraverse"],"url":"https:\/\/www.carnets-de-traverse.com\/blog\/author\/cdt"}]}},"_links":{"self":[{"href":"https:\/\/www.carnets-de-traverse.com\/blog\/wp-json\/wp\/v2\/posts\/3787","targetHints":{"allow":["GET"]}}],"collection":[{"href":"https:\/\/www.carnets-de-traverse.com\/blog\/wp-json\/wp\/v2\/posts"}],"about":[{"href":"https:\/\/www.carnets-de-traverse.com\/blog\/wp-json\/wp\/v2\/types\/post"}],"author":[{"embeddable":true,"href":"https:\/\/www.carnets-de-traverse.com\/blog\/wp-json\/wp\/v2\/users\/1"}],"replies":[{"embeddable":true,"href":"https:\/\/www.carnets-de-traverse.com\/blog\/wp-json\/wp\/v2\/comments?post=3787"}],"version-history":[{"count":0,"href":"https:\/\/www.carnets-de-traverse.com\/blog\/wp-json\/wp\/v2\/posts\/3787\/revisions"}],"wp:featuredmedia":[{"embeddable":true,"href":"https:\/\/www.carnets-de-traverse.com\/blog\/wp-json\/wp\/v2\/media\/8839"}],"wp:attachment":[{"href":"https:\/\/www.carnets-de-traverse.com\/blog\/wp-json\/wp\/v2\/media?parent=3787"}],"wp:term":[{"taxonomy":"category","embeddable":true,"href":"https:\/\/www.carnets-de-traverse.com\/blog\/wp-json\/wp\/v2\/categories?post=3787"},{"taxonomy":"post_tag","embeddable":true,"href":"https:\/\/www.carnets-de-traverse.com\/blog\/wp-json\/wp\/v2\/tags?post=3787"}],"curies":[{"name":"wp","href":"https:\/\/api.w.org\/{rel}","templated":true}]}}