{"id":6418,"date":"2012-08-06T21:03:54","date_gmt":"2012-08-06T19:03:54","guid":{"rendered":"http:\/\/www.carnets-de-traverse.com\/blog\/?p=6418"},"modified":"2019-01-20T18:32:15","modified_gmt":"2019-01-20T17:32:15","slug":"vallee-aoste-1","status":"publish","type":"post","link":"https:\/\/www.carnets-de-traverse.com\/blog\/vallee-aoste-1","title":{"rendered":"Un joli week-end \u00e0 la montagne dans la Vall\u00e9e d&rsquo;Aoste (1\/2)"},"content":{"rendered":"<div class=\"bloc_address\" style=\"margin-top: 0;\">J&rsquo;ai particip\u00e9 d\u00e9but juillet \u00e0 un voyage blogueurs (ou \u00ab\u00a0blog trip\u00a0\u00bb) dans les montagnes italiennes, organis\u00e9 par <a title=\"Mon Nuage\" href=\"http:\/\/www.monnuage.fr\/\" target=\"_blank\">Mon Nuage<\/a> et l&rsquo;<a href=\"http:\/\/www.lovevda.it\/fr\" target=\"_blank\">Office du tourisme en Vall\u00e9e d\u2019Aoste<\/a>. Quatre jours m\u00e9morables, en pleine nature, au vert ! Avec, il faut bien l&rsquo;avouer, pas mal de charcuterie entre deux randonn\u00e9es&#8230; et puis aussi des thermes&#8230; un festival&#8230;<\/div>\n<p>La Vall\u00e9e d&rsquo;Aoste est le plus petit d\u00e9partement italien. Elle a l&rsquo;air un peu coinc\u00e9e, tout l\u00e0-haut, entre la France et la Suisse. Qu&rsquo;\u00e0 cela ne tienne, elle compte de nombreux parcs, et ses paysages sont magnifiques&#8230; \u00c0 quelques kilom\u00e8tres de l&rsquo;autre c\u00f4t\u00e9 de la fronti\u00e8re (et de sommets de plus de 3000 m\u00e8tres !), il y a Tignes et Val d&rsquo;Is\u00e8re.<\/p>\n<p>Rien de mieux qu&rsquo;un bon bol d&rsquo;air frais \u00e0 la montagne, surtout quand on habite en ville : c&rsquo;est parti pour un programme aux petits oignons sur 4 jours.<\/p>\n<p><em>NB : Cela suppose que vous ayiez votre voiture, car les parcs et les diff\u00e9rents lieux cit\u00e9s ci-dessous sont assez isol\u00e9s et \u00e9loign\u00e9s des villes. Il y a un bon service de <a title=\"Bus dans la Vall\u00e9e d'Aoste\" href=\"http:\/\/www.lovevda.it\/fr\/avant-de-partir\/se-deplacer\/autobus\" target=\"_blank\">bus<\/a> et quelques <a title=\"Trains dans la Vall\u00e9e d'Aoste\" href=\"http:\/\/www.lovevda.it\/fr\/avant-de-partir\/se-deplacer\/trains\" target=\"_blank\">trains<\/a>, mais il faudra pr\u00e9voir plus de temps.<\/em><\/p>\n<h2><span style=\"text-decoration: underline;\">Jour 1<\/span><\/h2>\n<p>Arriv\u00e9s \u00e0 l&rsquo;a\u00e9roport de Milan, il y a environ 2 heures de route pour rejoindre la Vall\u00e9e d\u2019Aoste. Une fois sur place, nous rencontrons la sympathique D\u00e9borah, qui va nous faire d\u00e9couvrir sa vall\u00e9e pendant ces quelques jours. Elle nous emm\u00e8ne d\u2019abord faire la visite de l&rsquo;imposant <a title=\"Fort de Bard\" href=\"http:\/\/www.fortedibard.it\/fr\" target=\"_blank\">Fort de Bard<\/a> et de son joli Mus\u00e9e des Alpes.<\/p>\n<div id=\"attachment_6888\" style=\"width: 760px\" class=\"wp-caption alignnone\"><img fetchpriority=\"high\" decoding=\"async\" aria-describedby=\"caption-attachment-6888\" class=\"size-full wp-image-6888\" style=\"margin-left: -204px;\" title=\"Fort de Bard, Vall\u00e9e d'Aoste\" src=\"http:\/\/www.carnets-de-traverse.com\/blog\/wp-content\/uploads\/2012\/08\/3430721139_5d20fd7f8f_b.jpg\" alt=\"Fort de Bard, Vall\u00e9e d'Aoste\" width=\"954\" height=\"531\" srcset=\"https:\/\/www.carnets-de-traverse.com\/blog\/wp-content\/uploads\/2012\/08\/3430721139_5d20fd7f8f_b.jpg 954w, https:\/\/www.carnets-de-traverse.com\/blog\/wp-content\/uploads\/2012\/08\/3430721139_5d20fd7f8f_b-500x278.jpg 500w, https:\/\/www.carnets-de-traverse.com\/blog\/wp-content\/uploads\/2012\/08\/3430721139_5d20fd7f8f_b-750x417.jpg 750w, https:\/\/www.carnets-de-traverse.com\/blog\/wp-content\/uploads\/2012\/08\/3430721139_5d20fd7f8f_b-600x333.jpg 600w\" sizes=\"(max-width: 954px) 100vw, 954px\" \/><p id=\"caption-attachment-6888\" class=\"wp-caption-text\">Fort de Bard &#8211; Photo \u00a9 S. Girolimetto sur flickr<\/p><\/div>\n<p>Il faut prendre plusieurs ascenseurs vitr\u00e9s &#8211; avec de tr\u00e8s beaux panoramas sur la vall\u00e9e au passage ! &#8211; pour monter au Mus\u00e9e des Alpes. Il pr\u00e9sente de mani\u00e8re interactive, installations vid\u00e9os, archives&#8230; les Alpes et la montagne, la faune, la flore, la g\u00e9ologie, et bien s\u00fbr les modes de vie de ses habitants.<\/p>\n<p><img decoding=\"async\" class=\"size-large wp-image-6905 alignnone\" title=\"Mus\u00e9e des Alpes\" src=\"http:\/\/www.carnets-de-traverse.com\/blog\/wp-content\/uploads\/2012\/08\/IMG_7873-750x251.jpg\" alt=\"Mus\u00e9e des Alpes\" width=\"750\" height=\"251\" srcset=\"https:\/\/www.carnets-de-traverse.com\/blog\/wp-content\/uploads\/2012\/08\/IMG_7873-750x251.jpg 750w, https:\/\/www.carnets-de-traverse.com\/blog\/wp-content\/uploads\/2012\/08\/IMG_7873-500x167.jpg 500w, https:\/\/www.carnets-de-traverse.com\/blog\/wp-content\/uploads\/2012\/08\/IMG_7873-600x201.jpg 600w, https:\/\/www.carnets-de-traverse.com\/blog\/wp-content\/uploads\/2012\/08\/IMG_7873.jpg 954w\" sizes=\"(max-width: 750px) 100vw, 750px\" \/><\/p>\n<p><img decoding=\"async\" class=\"alignleft size-full wp-image-6914\" title=\"Mus\u00e9e des Alpes\" src=\"http:\/\/www.carnets-de-traverse.com\/blog\/wp-content\/uploads\/2012\/08\/IMG_7878.jpg\" alt=\"Mus\u00e9e des Alpes\" width=\"750\" height=\"437\" srcset=\"https:\/\/www.carnets-de-traverse.com\/blog\/wp-content\/uploads\/2012\/08\/IMG_7878.jpg 750w, https:\/\/www.carnets-de-traverse.com\/blog\/wp-content\/uploads\/2012\/08\/IMG_7878-500x291.jpg 500w, https:\/\/www.carnets-de-traverse.com\/blog\/wp-content\/uploads\/2012\/08\/IMG_7878-600x349.jpg 600w\" sizes=\"(max-width: 750px) 100vw, 750px\" \/><\/p>\n<div id=\"attachment_6683\" style=\"width: 760px\" class=\"wp-caption alignnone\"><img loading=\"lazy\" decoding=\"async\" aria-describedby=\"caption-attachment-6683\" class=\"size-large wp-image-6683 \" title=\"Mus\u00e9e des Alpes\" src=\"http:\/\/www.carnets-de-traverse.com\/blog\/wp-content\/uploads\/2012\/08\/IMG_7883-750x500.jpg\" alt=\"Mus\u00e9e des Alpes\" width=\"750\" height=\"500\" srcset=\"https:\/\/www.carnets-de-traverse.com\/blog\/wp-content\/uploads\/2012\/08\/IMG_7883-750x500.jpg 750w, https:\/\/www.carnets-de-traverse.com\/blog\/wp-content\/uploads\/2012\/08\/IMG_7883-450x300.jpg 450w, https:\/\/www.carnets-de-traverse.com\/blog\/wp-content\/uploads\/2012\/08\/IMG_7883-600x400.jpg 600w, https:\/\/www.carnets-de-traverse.com\/blog\/wp-content\/uploads\/2012\/08\/IMG_7883.jpg 954w\" sizes=\"(max-width: 750px) 100vw, 750px\" \/><p id=\"caption-attachment-6683\" class=\"wp-caption-text\">Mus\u00e9e des Alpes<\/p><\/div>\n<p>On d\u00e9couvre \u00e0 cette occasion que beaucoup de gens parlent fran\u00e7ais, et il y a comme un petit air de \u00ab\u00a0Ah non, ici c&rsquo;est pas (vraiment) l&rsquo;Italie ! C&rsquo;est la Vall\u00e9e d&rsquo;Aoste\u00a0\u00bb. Ah bon, pardon ! :)<\/p>\n<p>Nous repartons pour un peu de route et faisons \u00e9tape dans le Parc du Mont-Avic, \u00e0 l&rsquo;h\u00f4tel \u00e9ponyme. \u00c7a y est, on est dans la montagne : bonheur ! Superbe vue du balcon, des for\u00eats et que \u00ab\u00a0du bon air\u00a0\u00bb, comme dit ma grand-m\u00e8re !<\/p>\n<div id=\"attachment_6898\" style=\"width: 760px\" class=\"wp-caption alignleft\"><img loading=\"lazy\" decoding=\"async\" aria-describedby=\"caption-attachment-6898\" class=\"size-full wp-image-6898\" title=\"H\u00f4tel Parc Mont Avic, Champdepraz\" src=\"http:\/\/www.carnets-de-traverse.com\/blog\/wp-content\/uploads\/2012\/08\/IMG_7903.jpg\" alt=\"H\u00f4tel Parc Mont Avic, Champdepraz\" width=\"750\" height=\"500\" srcset=\"https:\/\/www.carnets-de-traverse.com\/blog\/wp-content\/uploads\/2012\/08\/IMG_7903.jpg 750w, https:\/\/www.carnets-de-traverse.com\/blog\/wp-content\/uploads\/2012\/08\/IMG_7903-450x300.jpg 450w, https:\/\/www.carnets-de-traverse.com\/blog\/wp-content\/uploads\/2012\/08\/IMG_7903-600x400.jpg 600w\" sizes=\"(max-width: 750px) 100vw, 750px\" \/><p id=\"caption-attachment-6898\" class=\"wp-caption-text\">H\u00f4tel Parc Mont Avic, \u00e0 Champdepraz<\/p><\/div>\n<blockquote class=\"twitter-tweet\" lang=\"fr\"><p>Check-in au Parc National de Mont Avic, la vue de ma chambre :) <a href=\"https:\/\/twitter.com\/search\/%23LoveVDA\"><s>#<\/s><strong>LoveVDA<\/strong><\/a> <a title=\"http:\/\/twitter.com\/LilouTravel\/status\/220982392448491521\/photo\/1\" href=\"http:\/\/t.co\/nnm6NTMq\">twitter.com\/LilouTravel\/st\u2026<\/a><\/p>\n<p>\u2014 Carnets de traverse (@LilouTravel) <a href=\"https:\/\/twitter.com\/LilouTravel\/status\/220982392448491521\" data-datetime=\"2012-07-05T20:48:03+00:00\">Juillet 5, 2012<\/a><\/p><\/blockquote>\n<p>Un premier bon d\u00eener italien au restaurant de l&rsquo;h\u00f4tel, charcuterie, polenta (que l&rsquo;on retrouvera souvent en accompagnement), panna cotta&#8230;<\/p>\n<div id=\"attachment_6843\" style=\"width: 760px\" class=\"wp-caption alignleft\"><img loading=\"lazy\" decoding=\"async\" aria-describedby=\"caption-attachment-6843\" class=\"size-full wp-image-6843\" title=\"Charcuterie du Val d'Aoste\" src=\"http:\/\/www.carnets-de-traverse.com\/blog\/wp-content\/uploads\/2012\/08\/IMG_7909.jpg\" alt=\"Charcuterie du Val d'Aoste\" width=\"750\" height=\"500\" srcset=\"https:\/\/www.carnets-de-traverse.com\/blog\/wp-content\/uploads\/2012\/08\/IMG_7909.jpg 750w, https:\/\/www.carnets-de-traverse.com\/blog\/wp-content\/uploads\/2012\/08\/IMG_7909-450x300.jpg 450w, https:\/\/www.carnets-de-traverse.com\/blog\/wp-content\/uploads\/2012\/08\/IMG_7909-600x400.jpg 600w\" sizes=\"(max-width: 750px) 100vw, 750px\" \/><p id=\"caption-attachment-6843\" class=\"wp-caption-text\">Mix charcuterie du Val d&rsquo;Aoste, le premier d&rsquo;une loooongue s\u00e9rie !<\/p><\/div>\n<p>Entre 40 et 50 \u20ac la chambre double selon la saison, petit d\u00e9jeuner inclus (55 \/ 65 \u20ac en demi-pension). Il y a aussi un dortoir, 20 \u20ac par pers. et par nuit.<\/p>\n<div class=\"bloc_address\"><span class=\"marker\"><\/span><strong><a href=\"http:\/\/www.booking.com\/hotel\/it\/parc-mont-avic.fr.html?aid=388385\" target=\"_blank\">H\u00f4tel Parc Mont Avic<\/a><\/strong><br \/>\nLocalit\u00e0 Covarey, 19<br \/>\n11020 Champdepraz (Aoste)<br \/>\nT\u00e9l. + 39 0125 960413<\/div>\n<p>Le soir, on est studieux, mais pas que. Je peux vous dire que les coups \u00e0 boire ne sont pas tr\u00e8s chers (3\u20ac le Cuba libre, par exemple :D). Il y a un super orage dont les \u00e9clairs illuminent les montagnes environnantes&#8230;<\/p>\n<blockquote class=\"twitter-tweet\" lang=\"fr\"><p>Aye aye aye !! <a href=\"https:\/\/twitter.com\/saratourdumonde\"><s>@<\/s><strong>saratourdumonde<\/strong><\/a> \u00e9coute Eros Ramazzotti &#8230;. \u00e7a pique!! <a href=\"https:\/\/twitter.com\/search\/%23Lovevda\"><s>#<\/s><strong>Lovevda<\/strong><\/a> \u2014 Julien (@JaimeLeMondeFr) <a href=\"https:\/\/twitter.com\/JaimeLeMondeFr\/status\/220982318381281281\" data-datetime=\"2012-07-05T20:47:45+00:00\">Juillet 5, 2012<\/a><\/p><\/blockquote>\n<blockquote class=\"twitter-tweet\" lang=\"fr\"><p>L&rsquo;Italien c&rsquo;est vraiment la plus belle langue du monde!! <a href=\"https:\/\/twitter.com\/search\/%23loveVDA\"><s>#<\/s><strong>loveVDA<\/strong><\/a><\/p>\n<p>\u2014 Le Blog de Sarah(@SaraTourduMonde) <a href=\"https:\/\/twitter.com\/SaraTourduMonde\/status\/220983020402905090\" data-datetime=\"2012-07-05T20:50:32+00:00\">Juillet 5, 2012<\/a><\/p><\/blockquote>\n<blockquote class=\"twitter-tweet\" lang=\"fr\"><p>Le voyage blogueurs \u00e7a donne \u00e7a <a href=\"https:\/\/twitter.com\/search\/%23italie\"><s>#<\/s><strong>italie<\/strong><\/a> <a href=\"https:\/\/twitter.com\/search\/%23loveVDA\"><s>#<\/s><strong>loveVDA<\/strong><\/a> <a href=\"https:\/\/twitter.com\/search\/%23geeks\"><s>#<\/s><strong>geeks<\/strong><\/a> <a title=\"http:\/\/twitter.com\/LilouTravel\/status\/220990216448643073\/photo\/1\" href=\"http:\/\/t.co\/rcQ173JT\">twitter.com\/LilouTravel\/st\u2026<\/a> \u2014 Carnets de traverse (@LilouTravel) <a href=\"https:\/\/twitter.com\/LilouTravel\/status\/220990216448643073\" data-datetime=\"2012-07-05T21:19:08+00:00\">Juillet 5, 2012<\/a><\/p><\/blockquote>\n<p>&nbsp;<\/p>\n<h2><span style=\"text-decoration: underline;\">Jour 2<\/span><\/h2>\n<p>De l&rsquo;h\u00f4tel, on voit les nuages monter au galop ! Pas grave : c&rsquo;est parti pour la rando !<\/p>\n<p><img loading=\"lazy\" decoding=\"async\" class=\"alignleft size-large wp-image-6954\" title=\"Parc du Mont-Avic\" src=\"http:\/\/www.carnets-de-traverse.com\/blog\/wp-content\/uploads\/2012\/08\/IMG_7919-750x500.jpg\" alt=\"Parc du Mont-Avic\" width=\"750\" height=\"500\" srcset=\"https:\/\/www.carnets-de-traverse.com\/blog\/wp-content\/uploads\/2012\/08\/IMG_7919-750x500.jpg 750w, https:\/\/www.carnets-de-traverse.com\/blog\/wp-content\/uploads\/2012\/08\/IMG_7919-450x300.jpg 450w, https:\/\/www.carnets-de-traverse.com\/blog\/wp-content\/uploads\/2012\/08\/IMG_7919-600x400.jpg 600w, https:\/\/www.carnets-de-traverse.com\/blog\/wp-content\/uploads\/2012\/08\/IMG_7919.jpg 954w\" sizes=\"(max-width: 750px) 100vw, 750px\" \/><\/p>\n<p>Nous faisons la connaissance d&rsquo;Ermanno, guide de montagne dans le <a title=\"Parc naturel du Mont-Avic\" href=\"http:\/\/www.montavic.info\/index.php\/fre\" target=\"_blank\">Parc naturel du Mont-Avic<\/a> et ancien gardien de la paix, qui se joint \u00e0 nous et nous conduit en 4&#215;4 au d\u00e9part du sentier. Un sacr\u00e9 personnage qui nous a bien fait rire !<\/p>\n<p><img loading=\"lazy\" decoding=\"async\" class=\"size-full wp-image-6955\" style=\"margin-left: -204px;\" title=\"Parc du Mont-Avic\" src=\"http:\/\/www.carnets-de-traverse.com\/blog\/wp-content\/uploads\/2012\/08\/IMG_7925.jpg\" alt=\"Parc du Mont-Avic\" width=\"954\" height=\"636\" srcset=\"https:\/\/www.carnets-de-traverse.com\/blog\/wp-content\/uploads\/2012\/08\/IMG_7925.jpg 954w, https:\/\/www.carnets-de-traverse.com\/blog\/wp-content\/uploads\/2012\/08\/IMG_7925-450x300.jpg 450w, https:\/\/www.carnets-de-traverse.com\/blog\/wp-content\/uploads\/2012\/08\/IMG_7925-750x500.jpg 750w, https:\/\/www.carnets-de-traverse.com\/blog\/wp-content\/uploads\/2012\/08\/IMG_7925-600x400.jpg 600w\" sizes=\"(max-width: 954px) 100vw, 954px\" \/><\/p>\n<p><img loading=\"lazy\" decoding=\"async\" class=\"alignleft size-full wp-image-6970\" style=\"margin-left: -204px;\" title=\"Parc naturel du Mont-Avic\" src=\"http:\/\/www.carnets-de-traverse.com\/blog\/wp-content\/uploads\/2012\/08\/IMG_7980.jpg\" alt=\"Parc naturel du Mont-Avic\" width=\"954\" height=\"636\" srcset=\"https:\/\/www.carnets-de-traverse.com\/blog\/wp-content\/uploads\/2012\/08\/IMG_7980.jpg 954w, https:\/\/www.carnets-de-traverse.com\/blog\/wp-content\/uploads\/2012\/08\/IMG_7980-450x300.jpg 450w, https:\/\/www.carnets-de-traverse.com\/blog\/wp-content\/uploads\/2012\/08\/IMG_7980-750x500.jpg 750w, https:\/\/www.carnets-de-traverse.com\/blog\/wp-content\/uploads\/2012\/08\/IMG_7980-600x400.jpg 600w\" sizes=\"(max-width: 954px) 100vw, 954px\" \/><\/p>\n<p><img loading=\"lazy\" decoding=\"async\" class=\"alignleft size-full wp-image-7046\" style=\"margin-left: -204px;\" title=\"Parc naturel du Mont-Avic\" src=\"http:\/\/www.carnets-de-traverse.com\/blog\/wp-content\/uploads\/2012\/08\/IMG_7948.jpg\" alt=\"Parc naturel du Mont-Avic\" width=\"954\" height=\"701\" srcset=\"https:\/\/www.carnets-de-traverse.com\/blog\/wp-content\/uploads\/2012\/08\/IMG_7948.jpg 954w, https:\/\/www.carnets-de-traverse.com\/blog\/wp-content\/uploads\/2012\/08\/IMG_7948-408x300.jpg 408w, https:\/\/www.carnets-de-traverse.com\/blog\/wp-content\/uploads\/2012\/08\/IMG_7948-750x551.jpg 750w, https:\/\/www.carnets-de-traverse.com\/blog\/wp-content\/uploads\/2012\/08\/IMG_7948-600x440.jpg 600w\" sizes=\"(max-width: 954px) 100vw, 954px\" \/><\/p>\n<p>Devant tant de beaut\u00e9, comment ne pas d\u00e9gainer le polaroid qu&rsquo;on a dans son sac ?<\/p>\n<blockquote class=\"twitter-tweet\" lang=\"fr\"><p>Prise en flagrant d\u00e9lit de polaroid <a href=\"https:\/\/twitter.com\/CarnetsTraverse\"><s>@<\/s><strong>liloutravel<\/strong><\/a> <a title=\"http:\/\/www.flickr.com\/photos\/damienroue\/7554750384\/in\/photostream\" href=\"http:\/\/t.co\/c8DeFKez\">flickr.com\/photos\/damienr\u2026<\/a><\/p>\n<p>\u2014 Damien Rou\u00e9 (@damienroue) <a href=\"https:\/\/twitter.com\/damienroue\/status\/223331799928016898\" data-datetime=\"2012-07-12T08:23:45+00:00\">Juillet 12, 2012<\/a><\/p><\/blockquote>\n<p>Voici ce que \u00e7a donne :<\/p>\n<p><img loading=\"lazy\" decoding=\"async\" class=\"alignleft size-full wp-image-7348\" style=\"margin-left: -204px;\" title=\"Polaroid 667, parc du Mont-Avic\" src=\"http:\/\/www.carnets-de-traverse.com\/blog\/wp-content\/uploads\/2012\/08\/45_Japon.jpg\" alt=\"Polaroid 667, parc du Mont-Avic\" width=\"954\" height=\"851\" srcset=\"https:\/\/www.carnets-de-traverse.com\/blog\/wp-content\/uploads\/2012\/08\/45_Japon.jpg 954w, https:\/\/www.carnets-de-traverse.com\/blog\/wp-content\/uploads\/2012\/08\/45_Japon-336x300.jpg 336w, https:\/\/www.carnets-de-traverse.com\/blog\/wp-content\/uploads\/2012\/08\/45_Japon-750x669.jpg 750w, https:\/\/www.carnets-de-traverse.com\/blog\/wp-content\/uploads\/2012\/08\/45_Japon-600x535.jpg 600w\" sizes=\"(max-width: 954px) 100vw, 954px\" \/><\/p>\n<p>Apr\u00e8s ces premiers beaux paysages et une marche de deux petites heures, nous arrivons \u00e0 La Maison du Lord pour la pause d\u00e9jeuner.<\/p>\n<div id=\"attachment_6869\" style=\"width: 760px\" class=\"wp-caption alignleft\"><img loading=\"lazy\" decoding=\"async\" aria-describedby=\"caption-attachment-6869\" class=\"size-full wp-image-6869\" title=\"Agritourismo La Maison du Lord&quot;, Champdepraz\" src=\"http:\/\/www.carnets-de-traverse.com\/blog\/wp-content\/uploads\/2012\/08\/agriturismo_la_maison_du_lord_champdepraz-www.lovevda.jpg\" alt=\"Agritourismo La Maison du Lord&quot;, Champdepraz\" width=\"750\" height=\"563\" srcset=\"https:\/\/www.carnets-de-traverse.com\/blog\/wp-content\/uploads\/2012\/08\/agriturismo_la_maison_du_lord_champdepraz-www.lovevda.jpg 750w, https:\/\/www.carnets-de-traverse.com\/blog\/wp-content\/uploads\/2012\/08\/agriturismo_la_maison_du_lord_champdepraz-www.lovevda-399x300.jpg 399w, https:\/\/www.carnets-de-traverse.com\/blog\/wp-content\/uploads\/2012\/08\/agriturismo_la_maison_du_lord_champdepraz-www.lovevda-600x450.jpg 600w\" sizes=\"(max-width: 750px) 100vw, 750px\" \/><p id=\"caption-attachment-6869\" class=\"wp-caption-text\">Agritourismo \u00ab\u00a0La Maison du Lord\u00a0\u00bb \u00e0 Champdepraz &#8211; Photo \u00a9 Love VDA<\/p><\/div>\n<p>La maison est situ\u00e9e sur les alpages, \u00e0 Pra Ousie, au coeur du Parc. Elle \u00e9tait \u00e0 la base la r\u00e9sidence d&rsquo;un lord anglais. Aujourd&rsquo;hui, il y a un restaurant, les produits y sont naturels et traditionnels, et il y a aussi deux chambres (6 couchages).<\/p>\n<p><img loading=\"lazy\" decoding=\"async\" class=\"size-full wp-image-6848 alignnone\" style=\"margin-left: -204px;\" title=\"Agritourismo La Maison du Lord\" src=\"http:\/\/www.carnets-de-traverse.com\/blog\/wp-content\/uploads\/2012\/08\/IMG_7996.jpg\" alt=\"Agritourismo La Maison du Lord\" width=\"954\" height=\"636\" srcset=\"https:\/\/www.carnets-de-traverse.com\/blog\/wp-content\/uploads\/2012\/08\/IMG_7996.jpg 954w, https:\/\/www.carnets-de-traverse.com\/blog\/wp-content\/uploads\/2012\/08\/IMG_7996-450x300.jpg 450w, https:\/\/www.carnets-de-traverse.com\/blog\/wp-content\/uploads\/2012\/08\/IMG_7996-750x500.jpg 750w, https:\/\/www.carnets-de-traverse.com\/blog\/wp-content\/uploads\/2012\/08\/IMG_7996-600x400.jpg 600w\" sizes=\"(max-width: 954px) 100vw, 954px\" \/><\/p>\n<p>Est-il utile de pr\u00e9ciser que nous avons super bien mang\u00e9 ? Tout \u00e9tait vraiment d\u00e9licieux !<br \/>\nEt bien bu, hein Charly ?<\/p>\n<p><img loading=\"lazy\" decoding=\"async\" class=\"size-large wp-image-6852 alignnone\" title=\"Fromage et charcuterie, Vall\u00e9e d'Aoste\" src=\"http:\/\/www.carnets-de-traverse.com\/blog\/wp-content\/uploads\/2012\/08\/IMG_8001-750x500.jpg\" alt=\"Fromage et charcuterie, Vall\u00e9e d'Aoste\" width=\"750\" height=\"500\" srcset=\"https:\/\/www.carnets-de-traverse.com\/blog\/wp-content\/uploads\/2012\/08\/IMG_8001-750x500.jpg 750w, https:\/\/www.carnets-de-traverse.com\/blog\/wp-content\/uploads\/2012\/08\/IMG_8001-450x300.jpg 450w, https:\/\/www.carnets-de-traverse.com\/blog\/wp-content\/uploads\/2012\/08\/IMG_8001-600x400.jpg 600w, https:\/\/www.carnets-de-traverse.com\/blog\/wp-content\/uploads\/2012\/08\/IMG_8001.jpg 954w\" sizes=\"(max-width: 750px) 100vw, 750px\" \/><\/p>\n<div id=\"attachment_7051\" style=\"width: 760px\" class=\"wp-caption alignleft\"><img loading=\"lazy\" decoding=\"async\" aria-describedby=\"caption-attachment-7051\" class=\"size-full wp-image-7051\" title=\"Cr\u00eape \u00e0 la ricotta et orties\" src=\"http:\/\/www.carnets-de-traverse.com\/blog\/wp-content\/uploads\/2012\/08\/IMG_8004.jpg\" alt=\"Cr\u00eape \u00e0 la ricotta et orties\" width=\"750\" height=\"500\" srcset=\"https:\/\/www.carnets-de-traverse.com\/blog\/wp-content\/uploads\/2012\/08\/IMG_8004.jpg 750w, https:\/\/www.carnets-de-traverse.com\/blog\/wp-content\/uploads\/2012\/08\/IMG_8004-450x300.jpg 450w, https:\/\/www.carnets-de-traverse.com\/blog\/wp-content\/uploads\/2012\/08\/IMG_8004-600x400.jpg 600w\" sizes=\"(max-width: 750px) 100vw, 750px\" \/><p id=\"caption-attachment-7051\" class=\"wp-caption-text\">Cr\u00eapes \u00e0 la ricotta et orties<\/p><\/div>\n<p>Difficile de repartir randonner, avec le ventre plus que plein&#8230; Certains ont m\u00eame fait des petites roulades involontaires en hors piste, hein J\u00e9r\u00e9my ?<\/p>\n<p><img loading=\"lazy\" decoding=\"async\" class=\"alignleft size-full wp-image-7129\" title=\"Vaches\" src=\"http:\/\/www.carnets-de-traverse.com\/blog\/wp-content\/uploads\/2012\/08\/IMG_8010.jpg\" alt=\"Vaches\" width=\"750\" height=\"500\" srcset=\"https:\/\/www.carnets-de-traverse.com\/blog\/wp-content\/uploads\/2012\/08\/IMG_8010.jpg 750w, https:\/\/www.carnets-de-traverse.com\/blog\/wp-content\/uploads\/2012\/08\/IMG_8010-450x300.jpg 450w, https:\/\/www.carnets-de-traverse.com\/blog\/wp-content\/uploads\/2012\/08\/IMG_8010-600x400.jpg 600w\" sizes=\"(max-width: 750px) 100vw, 750px\" \/><\/p>\n<blockquote class=\"twitter-tweet\" lang=\"fr\"><p>Aoste x fromage &amp; charcuterie, mountain hero <a href=\"https:\/\/twitter.com\/search\/%23lovevda\"><s>#<\/s><strong>lovevda<\/strong><\/a> <a title=\"http:\/\/twitter.com\/Mogow_\/status\/221249678107348994\/photo\/1\" href=\"http:\/\/t.co\/iMIVTxYt\">twitter.com\/Mogow_\/status\/\u2026<\/a><\/p>\n<p>\u2014 Morgane Enselme (@Mogow_) <a href=\"https:\/\/twitter.com\/Mogow_\/status\/221249678107348994\" data-datetime=\"2012-07-06T14:30:09+00:00\">Juillet 6, 2012<\/a><\/p><\/blockquote>\n<blockquote class=\"twitter-tweet\" lang=\"fr\"><p>Vall\u00e9e d&rsquo;Aoste. Certains paysages n&rsquo;ont pas de prix. Pour tout le reste, il y a toussa toussa <a href=\"https:\/\/twitter.com\/search\/%23lovevda\"><s>#<\/s><strong>lovevda<\/strong><\/a><a title=\"http:\/\/instagr.am\/p\/Mvh3r8jZbe\/\" href=\"http:\/\/t.co\/mUpis66L\">instagr.am\/p\/Mvh3r8jZbe\/<\/a><\/p>\n<p>\u2014 Osmany (@osmany) <a href=\"https:\/\/twitter.com\/osmany\/status\/221248156799729664\" data-datetime=\"2012-07-06T14:24:05+00:00\">Juillet 6, 2012<\/a><\/p><\/blockquote>\n<p>Prochaine \u00e9tape : Pr\u00e9-Saint-Didier, joli village bourgeois de la vall\u00e9e d&rsquo;Aoste. D\u00e9borah nous dit que beaucoup de Turinois ais\u00e9s y ont un pied-\u00e0-terre. Si vous aimez les trains, sachez qu&rsquo;il y a une belle ligne <a title=\"Train dans la Vall\u00e9e d'Aoste\" href=\"http:\/\/www.lovevda.it\/fr\/avant-de-partir\/se-deplacer\/trains\" target=\"_blank\">entre Aoste et Pr\u00e9-Saint-Didier<\/a> (50 minutes).<\/p>\n<p>Nous y prenons nos quartiers \u00e0 l&rsquo;h\u00f4tel Lancada Bellevue, qui a de vraiment tr\u00e8s tr\u00e8s chouettes chambres ! Grandes, et certaines petites veinardes dont je tairai le nom ont m\u00eame un jacuzzi privatif dans leur chambre. Hein Adeline ? Vraiment classe !<\/p>\n<div class=\"bloc_address\"><span class=\"marker\"><\/span><strong><a href=\"http:\/\/www.booking.com\/hotel\/it\/locanda-bellevue.fr.html?aid=388385\" target=\"_blank\">H\u00f4tel Locanda Bellevue 3*<\/a><\/strong><br \/>\nAvenue du Mont Blanc, 52<br \/>\nPr\u00e9-Saint-Didier<br \/>\nT\u00e9l. +39 0165 87074<\/div>\n<p>Nous passons en fin d&rsquo;apr\u00e8s-midi quelques heures bien agr\u00e9ables aux <a title=\"Thermes de Pr\u00e9 Saint Didier\" href=\"http:\/\/www.lovevda.it\/fr\/bien-etre\/thermes-de-pre-saint-didier\" target=\"_blank\">thermes de Pr\u00e9-Saint-Didier<\/a> ! J&rsquo;avoue que je n&rsquo;y connais pas grand chose en spas, mais il me semble que c&rsquo;est tr\u00e8s grand et tr\u00e8s beau : il y a beaucoup de salles, de choix dans les activit\u00e9s, bassins, ambiances&#8230; Cascades, bassins ext\u00e9rieurs, jacuzzis, saunas dans des chalet en bois avec vue sur la montagne (superbe \u00e7a !), bains turcs&#8230; Ne manquez pas l&rsquo;ap\u00e9ro dinatoire le vendredi soir, offert dans le jardin !<\/p>\n<div id=\"attachment_6874\" style=\"width: 760px\" class=\"wp-caption alignnone\"><img loading=\"lazy\" decoding=\"async\" aria-describedby=\"caption-attachment-6874\" class=\"size-large wp-image-6874 \" title=\"Thermes de Pr\u00e9-Saint-Didier\" src=\"http:\/\/www.carnets-de-traverse.com\/blog\/wp-content\/uploads\/2012\/08\/thermes-from-leur-page-fb-750x500.jpg\" alt=\"Thermes de Pr\u00e9-Saint-Didier\" width=\"750\" height=\"500\" srcset=\"https:\/\/www.carnets-de-traverse.com\/blog\/wp-content\/uploads\/2012\/08\/thermes-from-leur-page-fb-750x500.jpg 750w, https:\/\/www.carnets-de-traverse.com\/blog\/wp-content\/uploads\/2012\/08\/thermes-from-leur-page-fb-449x300.jpg 449w, https:\/\/www.carnets-de-traverse.com\/blog\/wp-content\/uploads\/2012\/08\/thermes-from-leur-page-fb-600x400.jpg 600w, https:\/\/www.carnets-de-traverse.com\/blog\/wp-content\/uploads\/2012\/08\/thermes-from-leur-page-fb.jpg 954w\" sizes=\"(max-width: 750px) 100vw, 750px\" \/><p id=\"caption-attachment-6874\" class=\"wp-caption-text\">Les thermes de Pr\u00e9-Saint-Didier \u2013 Photo \u00a9 Terme Pr\u00e9-Saint-Didier<\/p><\/div>\n<blockquote class=\"twitter-tweet\" lang=\"fr\"><p>Premier Spa de ma vie, et c&rsquo;est s\u00fbrement pas fini ! Avec bassins ext\u00e9rieurs et vue sur le mont blanc, royal ! <a href=\"https:\/\/twitter.com\/search\/%23loveVDA\"><s>#<\/s><strong>loveVDA<\/strong><\/a><\/p>\n<p>\u2014 Damien Rou\u00e9 (@damienroue) <a href=\"https:\/\/twitter.com\/damienroue\/status\/221305872972918784\" data-datetime=\"2012-07-06T18:13:26+00:00\">Juillet 6, 2012<\/a><\/p><\/blockquote>\n<blockquote class=\"twitter-tweet\" lang=\"fr\"><p>Spa vrai ! <a href=\"https:\/\/twitter.com\/search\/%23LoveVDA\"><s>#<\/s><strong>LoveVDA<\/strong><\/a> <a title=\"http:\/\/twitter.com\/damienroue\/status\/221309920740511744\/photo\/1\" href=\"http:\/\/t.co\/yDVJLiCz\">twitter.com\/damienroue\/sta\u2026<\/a><\/p>\n<p>\u2014 Damien Rou\u00e9 (@damienroue) <a href=\"https:\/\/twitter.com\/damienroue\/status\/221309920740511744\" data-datetime=\"2012-07-06T18:29:32+00:00\">Juillet 6, 2012<\/a><\/p><\/blockquote>\n<p>Retour au <a title=\"Restaurant Bellevue\" href=\"http:\/\/www.booking.com\/hotel\/it\/locanda-bellevue.fr.html?aid=388385\" target=\"_blank\">restaurant du Locanda<\/a>, o\u00f9 nous attend un d\u00eener pantagru\u00e9lique ! Faut garder le rythme ! On notera la pr\u00e9sence de pis de vache sur le plateau de charcuterie. J&rsquo;ai beau m&rsquo;y essayer plusieurs fois, je ne suis pas fan, c\u2019est assez \u00e9trange comme go\u00fbt.<\/p>\n<div id=\"attachment_7245\" style=\"width: 760px\" class=\"wp-caption alignleft\"><img loading=\"lazy\" decoding=\"async\" aria-describedby=\"caption-attachment-7245\" class=\"size-full wp-image-7245\" title=\"Charcuterie vald\u00f4taine\" src=\"http:\/\/www.carnets-de-traverse.com\/blog\/wp-content\/uploads\/2012\/08\/IMG_8017.jpg\" alt=\"Charcuterie vald\u00f4taine\" width=\"750\" height=\"500\" srcset=\"https:\/\/www.carnets-de-traverse.com\/blog\/wp-content\/uploads\/2012\/08\/IMG_8017.jpg 750w, https:\/\/www.carnets-de-traverse.com\/blog\/wp-content\/uploads\/2012\/08\/IMG_8017-450x300.jpg 450w, https:\/\/www.carnets-de-traverse.com\/blog\/wp-content\/uploads\/2012\/08\/IMG_8017-600x400.jpg 600w\" sizes=\"(max-width: 750px) 100vw, 750px\" \/><p id=\"caption-attachment-7245\" class=\"wp-caption-text\">Charcuterie vald\u00f4taine : sous les rondelles de saucissons, du Teteun, autrement dit : du pis de vache !<\/p><\/div>\n<div id=\"attachment_7248\" style=\"width: 760px\" class=\"wp-caption alignleft\"><img loading=\"lazy\" decoding=\"async\" aria-describedby=\"caption-attachment-7248\" class=\"size-full wp-image-7248\" title=\"Pizza au lard\" src=\"http:\/\/www.carnets-de-traverse.com\/blog\/wp-content\/uploads\/2012\/08\/IMG_8019.jpg\" alt=\"Pizza au lard\" width=\"750\" height=\"484\" srcset=\"https:\/\/www.carnets-de-traverse.com\/blog\/wp-content\/uploads\/2012\/08\/IMG_8019.jpg 750w, https:\/\/www.carnets-de-traverse.com\/blog\/wp-content\/uploads\/2012\/08\/IMG_8019-464x300.jpg 464w, https:\/\/www.carnets-de-traverse.com\/blog\/wp-content\/uploads\/2012\/08\/IMG_8019-600x387.jpg 600w\" sizes=\"(max-width: 750px) 100vw, 750px\" \/><p id=\"caption-attachment-7248\" class=\"wp-caption-text\">Pizza au lard<\/p><\/div>\n<div id=\"attachment_7272\" style=\"width: 760px\" class=\"wp-caption alignleft\"><img loading=\"lazy\" decoding=\"async\" aria-describedby=\"caption-attachment-7272\" class=\"size-full wp-image-7272\" title=\"Soupe \u00e0 la valpelleneintse\" src=\"http:\/\/www.carnets-de-traverse.com\/blog\/wp-content\/uploads\/2012\/08\/IMG_8022.jpg\" alt=\"Soupe \u00e0 la valpelleneintse\" width=\"750\" height=\"500\" srcset=\"https:\/\/www.carnets-de-traverse.com\/blog\/wp-content\/uploads\/2012\/08\/IMG_8022.jpg 750w, https:\/\/www.carnets-de-traverse.com\/blog\/wp-content\/uploads\/2012\/08\/IMG_8022-450x300.jpg 450w, https:\/\/www.carnets-de-traverse.com\/blog\/wp-content\/uploads\/2012\/08\/IMG_8022-600x400.jpg 600w\" sizes=\"(max-width: 750px) 100vw, 750px\" \/><p id=\"caption-attachment-7272\" class=\"wp-caption-text\">Soupe \u00e0 la valpelleneintse (originaire du Valpelline), l&rsquo;un des recettes vald\u00f4taines les plus connues, \u00e0 base de pain noir, chou vert et fontina<\/p><\/div>\n<p>C&rsquo;est donc le ventre bien plein que nous nous rendons \u00e0 quelques kilom\u00e8tres de l\u00e0, au festival de musique et de culture celtique <a title=\"Celtica\" href=\"https:\/\/www.celtica.vda.it\" target=\"_blank\" class=\"broken_link\">CELTICA<\/a>, dans le val Veny.<\/p>\n<p>Il s&rsquo;agit du festival le plus haut d&rsquo;Europe, d\u00e9di\u00e9 aux Celtes donc, en plein for\u00eat et au pied des montagnes. Ambiance tr\u00e8s sympa ! Des concerts en pleine for\u00eat c&rsquo;est forc\u00e9ment bien, me direz-vous. L&rsquo;ambiance est bon enfant, les gens dansent, certains portent carr\u00e9ment des capes, des bottes, oserais-je dire des \u00ab\u00a0d\u00e9guisements\u00a0\u00bb (je suis s\u00fbre qu&rsquo;ils m&rsquo;en voudraient).<\/p>\n<p><img loading=\"lazy\" decoding=\"async\" class=\"alignleft size-full wp-image-7317\" style=\"margin-left: -204px;\" title=\"Festival Celtica\" src=\"http:\/\/www.carnets-de-traverse.com\/blog\/wp-content\/uploads\/2012\/08\/IMG_8089.jpg\" alt=\"Festival Celtica\" width=\"954\" height=\"636\" srcset=\"https:\/\/www.carnets-de-traverse.com\/blog\/wp-content\/uploads\/2012\/08\/IMG_8089.jpg 954w, https:\/\/www.carnets-de-traverse.com\/blog\/wp-content\/uploads\/2012\/08\/IMG_8089-450x300.jpg 450w, https:\/\/www.carnets-de-traverse.com\/blog\/wp-content\/uploads\/2012\/08\/IMG_8089-750x500.jpg 750w, https:\/\/www.carnets-de-traverse.com\/blog\/wp-content\/uploads\/2012\/08\/IMG_8089-600x400.jpg 600w\" sizes=\"(max-width: 954px) 100vw, 954px\" \/><\/p>\n<p>Un (presque) dernier petit mot pour la d\u00e9couverte du <a title=\"Cidre chaud\" href=\"https:\/\/www.carnets-de-traverse.com\" target=\"_blank\" class=\"broken_link\">cidre chaud<\/a> : un peu le m\u00eame principe que le vin chaud, c&rsquo;est tr\u00e8s bon !<\/p>\n<p><img loading=\"lazy\" decoding=\"async\" class=\"alignleft size-full wp-image-7310\" title=\"Festival Celtica\" src=\"http:\/\/www.carnets-de-traverse.com\/blog\/wp-content\/uploads\/2012\/08\/IMG_8072.jpg\" alt=\"Festival Celtica\" width=\"750\" height=\"500\" srcset=\"https:\/\/www.carnets-de-traverse.com\/blog\/wp-content\/uploads\/2012\/08\/IMG_8072.jpg 750w, https:\/\/www.carnets-de-traverse.com\/blog\/wp-content\/uploads\/2012\/08\/IMG_8072-450x300.jpg 450w, https:\/\/www.carnets-de-traverse.com\/blog\/wp-content\/uploads\/2012\/08\/IMG_8072-600x400.jpg 600w\" sizes=\"(max-width: 750px) 100vw, 750px\" \/><\/p>\n<p><img loading=\"lazy\" decoding=\"async\" class=\"alignleft size-full wp-image-7314\" title=\"Festival Celtica\" src=\"http:\/\/www.carnets-de-traverse.com\/blog\/wp-content\/uploads\/2012\/08\/IMG_8079.jpg\" alt=\"Festival Celtica\" width=\"750\" height=\"500\" srcset=\"https:\/\/www.carnets-de-traverse.com\/blog\/wp-content\/uploads\/2012\/08\/IMG_8079.jpg 750w, https:\/\/www.carnets-de-traverse.com\/blog\/wp-content\/uploads\/2012\/08\/IMG_8079-450x300.jpg 450w, https:\/\/www.carnets-de-traverse.com\/blog\/wp-content\/uploads\/2012\/08\/IMG_8079-600x400.jpg 600w\" sizes=\"(max-width: 750px) 100vw, 750px\" \/><\/p>\n<blockquote class=\"twitter-tweet\" lang=\"fr\"><p>Et chante Titanic en mode celte ! RT <a href=\"https:\/\/twitter.com\/CarnetsTraverse\"><s>@<\/s><strong>liloutravel<\/strong><\/a>: Celkilt hier au festival Celtica, Val Veny <a href=\"https:\/\/twitter.com\/search\/%23LoveVDA\"><s>#<\/s><strong>LoveVDA<\/strong><\/a> <a href=\"https:\/\/twitter.com\/search\/%23sautepartout\"><s>#<\/s><strong>sautepartout<\/strong><\/a> <a title=\"http:\/\/twitter.com\/LilouTravel\/status\/221511005497335808\/photo\/1\" href=\"http:\/\/t.co\/UleEqj31\">twitter.com\/LilouTravel\/st\u2026<\/a><\/p>\n<p>\u2014 Marie RoseLaVie (@Marinette_GdS) <a href=\"https:\/\/twitter.com\/Marinette_GdS\/status\/221511540971552768\" data-datetime=\"2012-07-07T07:50:41+00:00\">Juillet 7, 2012<\/a><\/p><\/blockquote>\n<p>2h du mat&rsquo; : on se rentre, parce que demain y&rsquo;a encore rando ! Dommage, j&rsquo;aurais bien saut\u00e9 partout encore un peu :)<\/p>\n<h2><span style=\"text-decoration: underline;\">Ce n\u2019est pas fini !<\/span><\/h2>\n<p>Lisez <a title=\"Un joli week-end \u00e0 la montagne dans la Vall\u00e9e d\u2019Aoste (2\/2)\" href=\"http:\/\/www.carnets-de-traverse.com\/blog\/vallee-aoste-2\">la suite de ce super week-end prolong\u00e9 \u00e0 la montagne<\/a> !<\/p>\n","protected":false},"excerpt":{"rendered":"<p>Un week-end m\u00e9morable \u00e0 la montagne, au grand air ! Avec pas mal de charcuterie entre deux randonn\u00e9es&#8230; et aussi des thermes, un festival&#8230;<\/p>\n","protected":false},"author":1,"featured_media":6955,"comment_status":"open","ping_status":"open","sticky":false,"template":"","format":"standard","meta":{"footnotes":""},"categories":[156],"tags":[20,55,21,135,120,88],"class_list":["post-6418","post","type-post","status-publish","format-standard","has-post-thumbnail","hentry","category-italie","tag-restaurant","tag-festival","tag-hebergement","tag-nature","tag-polaroid","tag-randonnee"],"yoast_head":"<!-- This site is optimized with the Yoast SEO Premium plugin v17.9 (Yoast SEO v24.9) - https:\/\/yoast.com\/wordpress\/plugins\/seo\/ -->\n<title>Un joli week-end \u00e0 la montagne dans la Vall\u00e9e d&#039;Aoste (1\/2) - \u2716 Carnets de traverse<\/title>\n<meta name=\"description\" content=\"Un week-end m\u00e9morable \u00e0 la montagne, au grand air ! Avec pas mal de charcuterie entre deux randonn\u00e9es... et aussi des thermes, un festival...\" \/>\n<meta name=\"robots\" content=\"index, follow, max-snippet:-1, max-image-preview:large, max-video-preview:-1\" \/>\n<link rel=\"canonical\" href=\"https:\/\/www.carnets-de-traverse.com\/blog\/vallee-aoste-1\" \/>\n<meta property=\"og:locale\" content=\"fr_FR\" \/>\n<meta property=\"og:type\" content=\"article\" \/>\n<meta property=\"og:title\" content=\"Un joli week-end \u00e0 la montagne dans la Vall\u00e9e d&#039;Aoste (1\/2)\" \/>\n<meta property=\"og:description\" content=\"Un week-end m\u00e9morable \u00e0 la montagne, au grand air ! Avec pas mal de charcuterie entre deux randonn\u00e9es... et aussi des thermes, un festival...\" \/>\n<meta property=\"og:url\" content=\"https:\/\/www.carnets-de-traverse.com\/blog\/vallee-aoste-1\" \/>\n<meta property=\"og:site_name\" content=\"\u2716 Carnets de traverse\" \/>\n<meta property=\"article:author\" content=\"https:\/\/www.facebook.com\/carnetsdetraverse\" \/>\n<meta property=\"article:published_time\" content=\"2012-08-06T19:03:54+00:00\" \/>\n<meta property=\"article:modified_time\" content=\"2019-01-20T17:32:15+00:00\" \/>\n<meta property=\"og:image\" content=\"https:\/\/www.carnets-de-traverse.com\/blog\/wp-content\/uploads\/2012\/08\/IMG_7925.jpg\" \/>\n\t<meta property=\"og:image:width\" content=\"954\" \/>\n\t<meta property=\"og:image:height\" content=\"636\" \/>\n\t<meta property=\"og:image:type\" content=\"image\/jpeg\" \/>\n<meta name=\"author\" content=\"Julie\" \/>\n<meta name=\"twitter:card\" content=\"summary_large_image\" \/>\n<meta name=\"twitter:creator\" content=\"@CarnetsTraverse\" \/>\n<meta name=\"twitter:label1\" content=\"\u00c9crit par\" \/>\n\t<meta name=\"twitter:data1\" content=\"Julie\" \/>\n\t<meta name=\"twitter:label2\" content=\"Dur\u00e9e de lecture estim\u00e9e\" \/>\n\t<meta name=\"twitter:data2\" content=\"7 minutes\" \/>\n<script type=\"application\/ld+json\" class=\"yoast-schema-graph\">{\"@context\":\"https:\/\/schema.org\",\"@graph\":[{\"@type\":\"WebPage\",\"@id\":\"https:\/\/www.carnets-de-traverse.com\/blog\/vallee-aoste-1\",\"url\":\"https:\/\/www.carnets-de-traverse.com\/blog\/vallee-aoste-1\",\"name\":\"Un joli week-end \u00e0 la montagne dans la Vall\u00e9e d'Aoste (1\/2) - \u2716 Carnets de traverse\",\"isPartOf\":{\"@id\":\"https:\/\/www.carnets-de-traverse.com\/blog\/#website\"},\"primaryImageOfPage\":{\"@id\":\"https:\/\/www.carnets-de-traverse.com\/blog\/vallee-aoste-1#primaryimage\"},\"image\":{\"@id\":\"https:\/\/www.carnets-de-traverse.com\/blog\/vallee-aoste-1#primaryimage\"},\"thumbnailUrl\":\"https:\/\/www.carnets-de-traverse.com\/blog\/wp-content\/uploads\/2012\/08\/IMG_7925.jpg\",\"datePublished\":\"2012-08-06T19:03:54+00:00\",\"dateModified\":\"2019-01-20T17:32:15+00:00\",\"author\":{\"@id\":\"https:\/\/www.carnets-de-traverse.com\/blog\/#\/schema\/person\/ccae62cb1d2c1e55dc732d88750491c4\"},\"description\":\"Un week-end m\u00e9morable \u00e0 la montagne, au grand air ! Avec pas mal de charcuterie entre deux randonn\u00e9es... et aussi des thermes, un festival...\",\"breadcrumb\":{\"@id\":\"https:\/\/www.carnets-de-traverse.com\/blog\/vallee-aoste-1#breadcrumb\"},\"inLanguage\":\"fr-FR\",\"potentialAction\":[{\"@type\":\"ReadAction\",\"target\":[\"https:\/\/www.carnets-de-traverse.com\/blog\/vallee-aoste-1\"]}]},{\"@type\":\"ImageObject\",\"inLanguage\":\"fr-FR\",\"@id\":\"https:\/\/www.carnets-de-traverse.com\/blog\/vallee-aoste-1#primaryimage\",\"url\":\"https:\/\/www.carnets-de-traverse.com\/blog\/wp-content\/uploads\/2012\/08\/IMG_7925.jpg\",\"contentUrl\":\"https:\/\/www.carnets-de-traverse.com\/blog\/wp-content\/uploads\/2012\/08\/IMG_7925.jpg\",\"width\":\"954\",\"height\":\"636\",\"caption\":\"Des blogueurs voyage heureux :)\"},{\"@type\":\"BreadcrumbList\",\"@id\":\"https:\/\/www.carnets-de-traverse.com\/blog\/vallee-aoste-1#breadcrumb\",\"itemListElement\":[{\"@type\":\"ListItem\",\"position\":1,\"name\":\"Accueil\",\"item\":\"https:\/\/www.carnets-de-traverse.com\/blog\"},{\"@type\":\"ListItem\",\"position\":2,\"name\":\"Un joli week-end \u00e0 la montagne dans la Vall\u00e9e d&rsquo;Aoste (1\/2)\"}]},{\"@type\":\"WebSite\",\"@id\":\"https:\/\/www.carnets-de-traverse.com\/blog\/#website\",\"url\":\"https:\/\/www.carnets-de-traverse.com\/blog\/\",\"name\":\"\u2716 Carnets de traverse\",\"description\":\"Blog voyage, photographie et carnets de voyage\",\"potentialAction\":[{\"@type\":\"SearchAction\",\"target\":{\"@type\":\"EntryPoint\",\"urlTemplate\":\"https:\/\/www.carnets-de-traverse.com\/blog\/?s={search_term_string}\"},\"query-input\":{\"@type\":\"PropertyValueSpecification\",\"valueRequired\":true,\"valueName\":\"search_term_string\"}}],\"inLanguage\":\"fr-FR\"},{\"@type\":\"Person\",\"@id\":\"https:\/\/www.carnets-de-traverse.com\/blog\/#\/schema\/person\/ccae62cb1d2c1e55dc732d88750491c4\",\"name\":\"Julie\",\"image\":{\"@type\":\"ImageObject\",\"inLanguage\":\"fr-FR\",\"@id\":\"https:\/\/www.carnets-de-traverse.com\/blog\/#\/schema\/person\/image\/\",\"url\":\"https:\/\/secure.gravatar.com\/avatar\/473cc339d9b9391f3f7187c6519cb28905b09b5c946ffa4b9f7ccaf17270ac93?s=96&d=mm&r=g\",\"contentUrl\":\"https:\/\/secure.gravatar.com\/avatar\/473cc339d9b9391f3f7187c6519cb28905b09b5c946ffa4b9f7ccaf17270ac93?s=96&d=mm&r=g\",\"caption\":\"Julie\"},\"description\":\"Blog de voyage depuis 2007 \u2014 Renaud &amp; Louise partagent \u00e0 travers Carnets de traverse leurs belles exp\u00e9riences de voyages \u2014 d'inspirants carnets de voyage, de bons conseils pour de magnifiques road trips, des city guides cools et de belles adresses d'h\u00f4tels. Un blog indispensable pour rechercher toute son inspiration voyage !\",\"sameAs\":[\"https:\/\/www.carnets-de-traverse.com\/\",\"https:\/\/www.facebook.com\/carnetsdetraverse\",\"https:\/\/x.com\/CarnetsTraverse\"],\"url\":\"https:\/\/www.carnets-de-traverse.com\/blog\/author\/cdt\"}]}<\/script>\n<!-- \/ Yoast SEO Premium plugin. -->","yoast_head_json":{"title":"Un joli week-end \u00e0 la montagne dans la Vall\u00e9e d'Aoste (1\/2) - \u2716 Carnets de traverse","description":"Un week-end m\u00e9morable \u00e0 la montagne, au grand air ! Avec pas mal de charcuterie entre deux randonn\u00e9es... et aussi des thermes, un festival...","robots":{"index":"index","follow":"follow","max-snippet":"max-snippet:-1","max-image-preview":"max-image-preview:large","max-video-preview":"max-video-preview:-1"},"canonical":"https:\/\/www.carnets-de-traverse.com\/blog\/vallee-aoste-1","og_locale":"fr_FR","og_type":"article","og_title":"Un joli week-end \u00e0 la montagne dans la Vall\u00e9e d'Aoste (1\/2)","og_description":"Un week-end m\u00e9morable \u00e0 la montagne, au grand air ! Avec pas mal de charcuterie entre deux randonn\u00e9es... et aussi des thermes, un festival...","og_url":"https:\/\/www.carnets-de-traverse.com\/blog\/vallee-aoste-1","og_site_name":"\u2716 Carnets de traverse","article_author":"https:\/\/www.facebook.com\/carnetsdetraverse","article_published_time":"2012-08-06T19:03:54+00:00","article_modified_time":"2019-01-20T17:32:15+00:00","og_image":[{"width":954,"height":636,"url":"https:\/\/www.carnets-de-traverse.com\/blog\/wp-content\/uploads\/2012\/08\/IMG_7925.jpg","type":"image\/jpeg"}],"author":"Julie","twitter_card":"summary_large_image","twitter_creator":"@CarnetsTraverse","twitter_misc":{"\u00c9crit par":"Julie","Dur\u00e9e de lecture estim\u00e9e":"7 minutes"},"schema":{"@context":"https:\/\/schema.org","@graph":[{"@type":"WebPage","@id":"https:\/\/www.carnets-de-traverse.com\/blog\/vallee-aoste-1","url":"https:\/\/www.carnets-de-traverse.com\/blog\/vallee-aoste-1","name":"Un joli week-end \u00e0 la montagne dans la Vall\u00e9e d'Aoste (1\/2) - \u2716 Carnets de traverse","isPartOf":{"@id":"https:\/\/www.carnets-de-traverse.com\/blog\/#website"},"primaryImageOfPage":{"@id":"https:\/\/www.carnets-de-traverse.com\/blog\/vallee-aoste-1#primaryimage"},"image":{"@id":"https:\/\/www.carnets-de-traverse.com\/blog\/vallee-aoste-1#primaryimage"},"thumbnailUrl":"https:\/\/www.carnets-de-traverse.com\/blog\/wp-content\/uploads\/2012\/08\/IMG_7925.jpg","datePublished":"2012-08-06T19:03:54+00:00","dateModified":"2019-01-20T17:32:15+00:00","author":{"@id":"https:\/\/www.carnets-de-traverse.com\/blog\/#\/schema\/person\/ccae62cb1d2c1e55dc732d88750491c4"},"description":"Un week-end m\u00e9morable \u00e0 la montagne, au grand air ! Avec pas mal de charcuterie entre deux randonn\u00e9es... et aussi des thermes, un festival...","breadcrumb":{"@id":"https:\/\/www.carnets-de-traverse.com\/blog\/vallee-aoste-1#breadcrumb"},"inLanguage":"fr-FR","potentialAction":[{"@type":"ReadAction","target":["https:\/\/www.carnets-de-traverse.com\/blog\/vallee-aoste-1"]}]},{"@type":"ImageObject","inLanguage":"fr-FR","@id":"https:\/\/www.carnets-de-traverse.com\/blog\/vallee-aoste-1#primaryimage","url":"https:\/\/www.carnets-de-traverse.com\/blog\/wp-content\/uploads\/2012\/08\/IMG_7925.jpg","contentUrl":"https:\/\/www.carnets-de-traverse.com\/blog\/wp-content\/uploads\/2012\/08\/IMG_7925.jpg","width":"954","height":"636","caption":"Des blogueurs voyage heureux :)"},{"@type":"BreadcrumbList","@id":"https:\/\/www.carnets-de-traverse.com\/blog\/vallee-aoste-1#breadcrumb","itemListElement":[{"@type":"ListItem","position":1,"name":"Accueil","item":"https:\/\/www.carnets-de-traverse.com\/blog"},{"@type":"ListItem","position":2,"name":"Un joli week-end \u00e0 la montagne dans la Vall\u00e9e d&rsquo;Aoste (1\/2)"}]},{"@type":"WebSite","@id":"https:\/\/www.carnets-de-traverse.com\/blog\/#website","url":"https:\/\/www.carnets-de-traverse.com\/blog\/","name":"\u2716 Carnets de traverse","description":"Blog voyage, photographie et carnets de voyage","potentialAction":[{"@type":"SearchAction","target":{"@type":"EntryPoint","urlTemplate":"https:\/\/www.carnets-de-traverse.com\/blog\/?s={search_term_string}"},"query-input":{"@type":"PropertyValueSpecification","valueRequired":true,"valueName":"search_term_string"}}],"inLanguage":"fr-FR"},{"@type":"Person","@id":"https:\/\/www.carnets-de-traverse.com\/blog\/#\/schema\/person\/ccae62cb1d2c1e55dc732d88750491c4","name":"Julie","image":{"@type":"ImageObject","inLanguage":"fr-FR","@id":"https:\/\/www.carnets-de-traverse.com\/blog\/#\/schema\/person\/image\/","url":"https:\/\/secure.gravatar.com\/avatar\/473cc339d9b9391f3f7187c6519cb28905b09b5c946ffa4b9f7ccaf17270ac93?s=96&d=mm&r=g","contentUrl":"https:\/\/secure.gravatar.com\/avatar\/473cc339d9b9391f3f7187c6519cb28905b09b5c946ffa4b9f7ccaf17270ac93?s=96&d=mm&r=g","caption":"Julie"},"description":"Blog de voyage depuis 2007 \u2014 Renaud &amp; Louise partagent \u00e0 travers Carnets de traverse leurs belles exp\u00e9riences de voyages \u2014 d'inspirants carnets de voyage, de bons conseils pour de magnifiques road trips, des city guides cools et de belles adresses d'h\u00f4tels. Un blog indispensable pour rechercher toute son inspiration voyage !","sameAs":["https:\/\/www.carnets-de-traverse.com\/","https:\/\/www.facebook.com\/carnetsdetraverse","https:\/\/x.com\/CarnetsTraverse"],"url":"https:\/\/www.carnets-de-traverse.com\/blog\/author\/cdt"}]}},"_links":{"self":[{"href":"https:\/\/www.carnets-de-traverse.com\/blog\/wp-json\/wp\/v2\/posts\/6418","targetHints":{"allow":["GET"]}}],"collection":[{"href":"https:\/\/www.carnets-de-traverse.com\/blog\/wp-json\/wp\/v2\/posts"}],"about":[{"href":"https:\/\/www.carnets-de-traverse.com\/blog\/wp-json\/wp\/v2\/types\/post"}],"author":[{"embeddable":true,"href":"https:\/\/www.carnets-de-traverse.com\/blog\/wp-json\/wp\/v2\/users\/1"}],"replies":[{"embeddable":true,"href":"https:\/\/www.carnets-de-traverse.com\/blog\/wp-json\/wp\/v2\/comments?post=6418"}],"version-history":[{"count":0,"href":"https:\/\/www.carnets-de-traverse.com\/blog\/wp-json\/wp\/v2\/posts\/6418\/revisions"}],"wp:featuredmedia":[{"embeddable":true,"href":"https:\/\/www.carnets-de-traverse.com\/blog\/wp-json\/wp\/v2\/media\/6955"}],"wp:attachment":[{"href":"https:\/\/www.carnets-de-traverse.com\/blog\/wp-json\/wp\/v2\/media?parent=6418"}],"wp:term":[{"taxonomy":"category","embeddable":true,"href":"https:\/\/www.carnets-de-traverse.com\/blog\/wp-json\/wp\/v2\/categories?post=6418"},{"taxonomy":"post_tag","embeddable":true,"href":"https:\/\/www.carnets-de-traverse.com\/blog\/wp-json\/wp\/v2\/tags?post=6418"}],"curies":[{"name":"wp","href":"https:\/\/api.w.org\/{rel}","templated":true}]}}